


{"id":20122,"date":"2020-03-18T11:57:42","date_gmt":"2020-03-18T10:57:42","guid":{"rendered":"https:\/\/www.tauroessiccatori.com\/?p=20122\/"},"modified":"2020-03-20T18:13:15","modified_gmt":"2020-03-20T17:13:15","slug":"modalita-operative-durante-emergenza-covid-19","status":"publish","type":"post","link":"https:\/\/stor51.tauroessiccatori.com\/sv\/2020\/03\/18\/mode-of-operation-during-emergency-covid-19\/","title":{"rendered":"Driftl\u00e4gen under Covid-19-n\u00f6dsituation"},"content":{"rendered":"<div class=\"tauro-banners\"><div class=\"banner-00\" style=\"background-color: #852035\">\r\n<div class=\"ix-xmas-box-other\" style=\"font-size: 18px;padding: 7px 0;margin: 0 auto 0px auto\" align=\"center\"><b style=\"color: #fff;font-size: 18px\">L\u00e4gg en BIOSEC under tr\u00e4det. <a style=\"color: #f8cc89;font-weight: bold;text-decoration: none;font-size: 18px\" href=\"https:\/\/www.tauroessiccatori.com\/christmas-2024\/\">UPPT\u00c4CK H\u00c4R<\/a> Julkampanjer!<\/b><\/div>\r\n<\/div><div class=\"banner-00\" style=\"background-color: #000\">\r\n<div class=\"ix-xmas-box-other\" style=\"font-size: 18px;padding: 7px 0;margin: 0 auto 0px auto\" align=\"center\"><b style=\"color: #fff\"> Black Friday-rabatterna \u00e4r h\u00e4r! \u00a0 <a style=\"color: #f77209;font-weight: bold;text-decoration: none\" href=\"https:\/\/www.tauroessiccatori.com\/black-friday-2024\/\"> Klicka f\u00f6r att inte missa dem \u2192. <\/a>\r\n<\/b><\/div>\r\n<\/div><\/div><h3 style=\"text-align: center\"><strong>VIKTIG INFORMATION TILL ALLA V\u00c5RA KUNDER<\/strong><\/h3>\n<div><\/div>\n<p>&nbsp;<\/p>\n<div><\/div>\n<div>Vi vill informera er om att Tauro ocks\u00e5 respekterar\u00a0<b>direktiv\u00a0<\/b>och\u00a0<b>standarder\u00a0<\/b>s\u00e4kerhets\u00e5tg\u00e4rder f\u00f6r att hejda spridningen och smittspridningen av coronaviruset. Trots detta, med smarta arbetsmetoder och journ\u00e4rvaro d\u00e4r det \u00e4r absolut n\u00f6dv\u00e4ndigt, har v\u00e5r\u00a0<b>f\u00f6retag\u00a0<\/b>kvarlevor\u00a0<b>\u00f6ppna\u00a0<\/b>f\u00f6r att s\u00e4kerst\u00e4lla funktionsduglighet och\u00a0<b>transporter<\/b>f\u00f6rst\u00e5eligt nog med mer elasticitet p\u00e5 grund av situationen.<\/div>\n<div><\/div>\n<div><\/div>\n<div>Vissa omr\u00e5den, de mest drabbade, betj\u00e4nas inte heller av kurirer p\u00e5 regelbunden basis f\u00f6r n\u00e4rvarande. Listan \u00f6ver platser \u00e4ndras st\u00e4ndigt och kan inte f\u00f6ruts\u00e4gas i f\u00f6rv\u00e4g. Om det skulle vara om\u00f6jligt f\u00f6r oss att genomf\u00f6ra en f\u00f6rs\u00e4ndelse kommer vi att kontakta mottagaren och komma \u00f6verens om den b\u00e4sta l\u00f6sningen.<\/div>\n<div><\/div>\n<div><\/div>\n<div>Den\u00a0<b>v\u00e4xel\u00a0<\/b>vistelse\u00a0<b>\u00f6ppna\u00a0<\/b>f\u00f6r att ta emot\u00a0<b>telefonsamtal\u00a0<\/b>M\u00e5ndag till fredag, kl. 9.00-12.30 och eftermiddagar endast f\u00f6r akuta \u00e4renden.<\/div>\n<div>Du kan alltid\u00a0<b>skriv till oss\u00a0<\/b>via\u00a0<b>e-post<\/b>vid <a href=\"mailto:clienti@tauroessiccatori.com\">clienti@tauroessiccatori.com<\/a>f\u00f6r b\u00e5de information och best\u00e4llningar; vi kommer att svara snabbt p\u00e5 alla dina f\u00f6rfr\u00e5gningar.<\/div>\n<div><\/div>\n<div><\/div>\n<div>Vi garanterar ocks\u00e5\u00a0<b>s\u00e4kerhet\u00a0<\/b>av v\u00e5r\u00a0<b>skiften<\/b>F\u00f6rpackningsoperat\u00f6rerna skyddas av masker och handskar, f\u00f6r deras och din h\u00e4lsa. Vetenskapliga studier visar dock att viruset inte \u00f6verlever transporttiden, s\u00e5 du kan ta emot och \u00f6ppna ditt paket i lugn och ro.<\/div>\n<div><\/div>\n<div><\/div>\n<div>Vi \u00f6nskar er en snar \u00e5terg\u00e5ng till normala f\u00f6rh\u00e5llanden och s\u00e4nder er varma h\u00e4lsningar!<\/div>\n<div><\/div>\n<div><\/div>\n<div>Tauro personal<\/div>\n<div><\/div>","protected":false},"excerpt":{"rendered":"<p>Metti un BIOSEC sotto l&#8217;Albero. SCOPRI QUI le promozioni di Natale! Gli sconti Black Friday sono qui! \u00a0 Clicca\u00a0per\u00a0non perderli \u2192 INFORMAZIONE IMPORTANTE PER TUTTI I NOSTRI CLIENTI &nbsp; Ci teniamo a comunicarvi che anche Tauro sta rispettando le\u00a0direttive\u00a0e le\u00a0norme\u00a0di sicurezza per arginare la diffusione e il contagio da Corona virus. Nonostante questo, con modalit\u00e0 [&hellip;]<\/p>","protected":false},"author":431,"featured_media":20144,"comment_status":"closed","ping_status":"open","sticky":false,"template":"","format":"standard","meta":{"footnotes":""},"categories":[1],"tags":[],"class_list":["post-20122","post","type-post","status-publish","format-standard","has-post-thumbnail","hentry","category-senza-categoria"],"acf":[],"yoast_head":"<!-- This site is optimized with the Yoast SEO plugin v20.10 - https:\/\/yoast.com\/wordpress\/plugins\/seo\/ -->\n<title>Modalit\u00e0 operative durante emergenza Covid-19 - Tauro Essiccatori<\/title>\n<meta name=\"robots\" content=\"noindex, follow, max-snippet:-1, max-image-preview:large, max-video-preview:-1\" \/>\n<meta property=\"og:locale\" content=\"sv_SE\" \/>\n<meta property=\"og:type\" content=\"article\" \/>\n<meta property=\"og:title\" content=\"Modalit\u00e0 operative durante emergenza Covid-19 - Tauro Essiccatori\" \/>\n<meta property=\"og:description\" content=\"Metti un BIOSEC sotto l&#039;Albero. SCOPRI QUI le promozioni di Natale! Gli sconti Black Friday sono qui! \u00a0 Clicca\u00a0per\u00a0non perderli \u2192 INFORMAZIONE IMPORTANTE PER TUTTI I NOSTRI CLIENTI &nbsp; Ci teniamo a comunicarvi che anche Tauro sta rispettando le\u00a0direttive\u00a0e le\u00a0norme\u00a0di sicurezza per arginare la diffusione e il contagio da Corona virus. Nonostante questo, con modalit\u00e0 [&hellip;]\" \/>\n<meta property=\"og:url\" content=\"https:\/\/stor51.tauroessiccatori.com\/sv\/2020\/03\/18\/mode-of-operation-during-emergency-covid-19\/\" \/>\n<meta property=\"og:site_name\" content=\"Tauro Essiccatori\" \/>\n<meta property=\"article:publisher\" content=\"https:\/\/www.facebook.com\/TauroEssiccatori\/\" \/>\n<meta property=\"article:published_time\" content=\"2020-03-18T10:57:42+00:00\" \/>\n<meta property=\"article:modified_time\" content=\"2020-03-20T17:13:15+00:00\" \/>\n<meta property=\"og:image\" content=\"https:\/\/stor51.tauroessiccatori.com\/wp-assets\/uploads\/2020\/03\/coronavirus-prevenzione-norme-igieniche.jpg\" \/>\n\t<meta property=\"og:image:width\" content=\"1280\" \/>\n\t<meta property=\"og:image:height\" content=\"720\" \/>\n\t<meta property=\"og:image:type\" content=\"image\/jpeg\" \/>\n<meta name=\"author\" content=\"elisa\" \/>\n<meta name=\"twitter:card\" content=\"summary_large_image\" \/>\n<meta name=\"twitter:label1\" content=\"Written by\" \/>\n\t<meta name=\"twitter:data1\" content=\"elisa\" \/>\n\t<meta name=\"twitter:label2\" content=\"Est. reading time\" \/>\n\t<meta name=\"twitter:data2\" content=\"1 minut\" \/>\n<script type=\"application\/ld+json\" class=\"yoast-schema-graph\">{\"@context\":\"https:\/\/schema.org\",\"@graph\":[{\"@type\":\"Article\",\"@id\":\"https:\/\/stor51.tauroessiccatori.com\/2020\/03\/18\/modalita-operative-durante-emergenza-covid-19\/#article\",\"isPartOf\":{\"@id\":\"https:\/\/stor51.tauroessiccatori.com\/2020\/03\/18\/modalita-operative-durante-emergenza-covid-19\/\"},\"author\":{\"name\":\"elisa\",\"@id\":\"https:\/\/stor51.tauroessiccatori.com\/#\/schema\/person\/4e9a2ddcc9501983327a35b418e6219d\"},\"headline\":\"Modalit\u00e0 operative durante emergenza Covid-19\",\"datePublished\":\"2020-03-18T10:57:42+00:00\",\"dateModified\":\"2020-03-20T17:13:15+00:00\",\"mainEntityOfPage\":{\"@id\":\"https:\/\/stor51.tauroessiccatori.com\/2020\/03\/18\/modalita-operative-durante-emergenza-covid-19\/\"},\"wordCount\":228,\"publisher\":{\"@id\":\"https:\/\/stor51.tauroessiccatori.com\/#organization\"},\"articleSection\":[\"Senza categoria\"],\"inLanguage\":\"sv-SE\"},{\"@type\":\"WebPage\",\"@id\":\"https:\/\/stor51.tauroessiccatori.com\/2020\/03\/18\/modalita-operative-durante-emergenza-covid-19\/\",\"url\":\"https:\/\/stor51.tauroessiccatori.com\/2020\/03\/18\/modalita-operative-durante-emergenza-covid-19\/\",\"name\":\"Modalit\u00e0 operative durante emergenza Covid-19 - Tauro Essiccatori\",\"isPartOf\":{\"@id\":\"https:\/\/stor51.tauroessiccatori.com\/#website\"},\"datePublished\":\"2020-03-18T10:57:42+00:00\",\"dateModified\":\"2020-03-20T17:13:15+00:00\",\"breadcrumb\":{\"@id\":\"https:\/\/stor51.tauroessiccatori.com\/2020\/03\/18\/modalita-operative-durante-emergenza-covid-19\/#breadcrumb\"},\"inLanguage\":\"sv-SE\",\"potentialAction\":[{\"@type\":\"ReadAction\",\"target\":[\"https:\/\/stor51.tauroessiccatori.com\/2020\/03\/18\/modalita-operative-durante-emergenza-covid-19\/\"]}]},{\"@type\":\"BreadcrumbList\",\"@id\":\"https:\/\/stor51.tauroessiccatori.com\/2020\/03\/18\/modalita-operative-durante-emergenza-covid-19\/#breadcrumb\",\"itemListElement\":[{\"@type\":\"ListItem\",\"position\":1,\"name\":\"Home\",\"item\":\"https:\/\/stor51.tauroessiccatori.com\/\"},{\"@type\":\"ListItem\",\"position\":2,\"name\":\"Modalit\u00e0 operative durante emergenza Covid-19\"}]},{\"@type\":\"WebSite\",\"@id\":\"https:\/\/stor51.tauroessiccatori.com\/#website\",\"url\":\"https:\/\/stor51.tauroessiccatori.com\/\",\"name\":\"Tauro Essiccatori\",\"description\":\"Welcome to Tauro Essiccatori online shop\",\"publisher\":{\"@id\":\"https:\/\/stor51.tauroessiccatori.com\/#organization\"},\"potentialAction\":[{\"@type\":\"SearchAction\",\"target\":{\"@type\":\"EntryPoint\",\"urlTemplate\":\"https:\/\/stor51.tauroessiccatori.com\/?s={search_term_string}\"},\"query-input\":\"required name=search_term_string\"}],\"inLanguage\":\"sv-SE\"},{\"@type\":\"Organization\",\"@id\":\"https:\/\/stor51.tauroessiccatori.com\/#organization\",\"name\":\"Tauro Essiccatori\",\"url\":\"https:\/\/stor51.tauroessiccatori.com\/\",\"logo\":{\"@type\":\"ImageObject\",\"inLanguage\":\"sv-SE\",\"@id\":\"https:\/\/stor51.tauroessiccatori.com\/#\/schema\/logo\/image\/\",\"url\":\"https:\/\/www.tauroessiccatori.com\/wp-assets\/uploads\/2017\/07\/logo_tauro_500x109px.png\",\"contentUrl\":\"https:\/\/www.tauroessiccatori.com\/wp-assets\/uploads\/2017\/07\/logo_tauro_500x109px.png\",\"width\":500,\"height\":109,\"caption\":\"Tauro Essiccatori\"},\"image\":{\"@id\":\"https:\/\/stor51.tauroessiccatori.com\/#\/schema\/logo\/image\/\"},\"sameAs\":[\"https:\/\/www.facebook.com\/TauroEssiccatori\/\",\"https:\/\/www.instagram.com\/tauro_essiccatori\/\",\"https:\/\/it.linkedin.com\/company\/tauro-essiccatori\",\"https:\/\/www.youtube.com\/user\/tauroessiccatori\"]},{\"@type\":\"Person\",\"@id\":\"https:\/\/stor51.tauroessiccatori.com\/#\/schema\/person\/4e9a2ddcc9501983327a35b418e6219d\",\"name\":\"elisa\",\"image\":{\"@type\":\"ImageObject\",\"inLanguage\":\"sv-SE\",\"@id\":\"https:\/\/stor51.tauroessiccatori.com\/#\/schema\/person\/image\/\",\"url\":\"https:\/\/secure.gravatar.com\/avatar\/886dbd102faf4105bb4911214488ca76?s=96&d=mm&r=g\",\"contentUrl\":\"https:\/\/secure.gravatar.com\/avatar\/886dbd102faf4105bb4911214488ca76?s=96&d=mm&r=g\",\"caption\":\"elisa\"}}]}<\/script>\n<!-- \/ Yoast SEO plugin. -->","yoast_head_json":{"title":"Modalit\u00e0 operative durante emergenza Covid-19 - Tauro Essiccatori","robots":{"index":"noindex","follow":"follow","max-snippet":"max-snippet:-1","max-image-preview":"max-image-preview:large","max-video-preview":"max-video-preview:-1"},"og_locale":"sv_SE","og_type":"article","og_title":"Modalit\u00e0 operative durante emergenza Covid-19 - Tauro Essiccatori","og_description":"Metti un BIOSEC sotto l'Albero. SCOPRI QUI le promozioni di Natale! Gli sconti Black Friday sono qui! \u00a0 Clicca\u00a0per\u00a0non perderli \u2192 INFORMAZIONE IMPORTANTE PER TUTTI I NOSTRI CLIENTI &nbsp; Ci teniamo a comunicarvi che anche Tauro sta rispettando le\u00a0direttive\u00a0e le\u00a0norme\u00a0di sicurezza per arginare la diffusione e il contagio da Corona virus. Nonostante questo, con modalit\u00e0 [&hellip;]","og_url":"https:\/\/stor51.tauroessiccatori.com\/sv\/2020\/03\/18\/mode-of-operation-during-emergency-covid-19\/","og_site_name":"Tauro Essiccatori","article_publisher":"https:\/\/www.facebook.com\/TauroEssiccatori\/","article_published_time":"2020-03-18T10:57:42+00:00","article_modified_time":"2020-03-20T17:13:15+00:00","og_image":[{"width":1280,"height":720,"url":"https:\/\/stor51.tauroessiccatori.com\/wp-assets\/uploads\/2020\/03\/coronavirus-prevenzione-norme-igieniche.jpg","type":"image\/jpeg"}],"author":"elisa","twitter_card":"summary_large_image","twitter_misc":{"Written by":"elisa","Est. reading time":"1 minut"},"schema":{"@context":"https:\/\/schema.org","@graph":[{"@type":"Article","@id":"https:\/\/stor51.tauroessiccatori.com\/2020\/03\/18\/modalita-operative-durante-emergenza-covid-19\/#article","isPartOf":{"@id":"https:\/\/stor51.tauroessiccatori.com\/2020\/03\/18\/modalita-operative-durante-emergenza-covid-19\/"},"author":{"name":"elisa","@id":"https:\/\/stor51.tauroessiccatori.com\/#\/schema\/person\/4e9a2ddcc9501983327a35b418e6219d"},"headline":"Modalit\u00e0 operative durante emergenza Covid-19","datePublished":"2020-03-18T10:57:42+00:00","dateModified":"2020-03-20T17:13:15+00:00","mainEntityOfPage":{"@id":"https:\/\/stor51.tauroessiccatori.com\/2020\/03\/18\/modalita-operative-durante-emergenza-covid-19\/"},"wordCount":228,"publisher":{"@id":"https:\/\/stor51.tauroessiccatori.com\/#organization"},"articleSection":["Senza categoria"],"inLanguage":"sv-SE"},{"@type":"WebPage","@id":"https:\/\/stor51.tauroessiccatori.com\/2020\/03\/18\/modalita-operative-durante-emergenza-covid-19\/","url":"https:\/\/stor51.tauroessiccatori.com\/2020\/03\/18\/modalita-operative-durante-emergenza-covid-19\/","name":"Modalit\u00e0 operative durante emergenza Covid-19 - Tauro Essiccatori","isPartOf":{"@id":"https:\/\/stor51.tauroessiccatori.com\/#website"},"datePublished":"2020-03-18T10:57:42+00:00","dateModified":"2020-03-20T17:13:15+00:00","breadcrumb":{"@id":"https:\/\/stor51.tauroessiccatori.com\/2020\/03\/18\/modalita-operative-durante-emergenza-covid-19\/#breadcrumb"},"inLanguage":"sv-SE","potentialAction":[{"@type":"ReadAction","target":["https:\/\/stor51.tauroessiccatori.com\/2020\/03\/18\/modalita-operative-durante-emergenza-covid-19\/"]}]},{"@type":"BreadcrumbList","@id":"https:\/\/stor51.tauroessiccatori.com\/2020\/03\/18\/modalita-operative-durante-emergenza-covid-19\/#breadcrumb","itemListElement":[{"@type":"ListItem","position":1,"name":"Home","item":"https:\/\/stor51.tauroessiccatori.com\/"},{"@type":"ListItem","position":2,"name":"Modalit\u00e0 operative durante emergenza Covid-19"}]},{"@type":"WebSite","@id":"https:\/\/stor51.tauroessiccatori.com\/#website","url":"https:\/\/stor51.tauroessiccatori.com\/","name":"Tauro Essiccatori","description":"Welcome to Tauro Essiccatori online shop","publisher":{"@id":"https:\/\/stor51.tauroessiccatori.com\/#organization"},"potentialAction":[{"@type":"SearchAction","target":{"@type":"EntryPoint","urlTemplate":"https:\/\/stor51.tauroessiccatori.com\/?s={search_term_string}"},"query-input":"required name=search_term_string"}],"inLanguage":"sv-SE"},{"@type":"Organization","@id":"https:\/\/stor51.tauroessiccatori.com\/#organization","name":"Tauro Essiccatori","url":"https:\/\/stor51.tauroessiccatori.com\/","logo":{"@type":"ImageObject","inLanguage":"sv-SE","@id":"https:\/\/stor51.tauroessiccatori.com\/#\/schema\/logo\/image\/","url":"https:\/\/www.tauroessiccatori.com\/wp-assets\/uploads\/2017\/07\/logo_tauro_500x109px.png","contentUrl":"https:\/\/www.tauroessiccatori.com\/wp-assets\/uploads\/2017\/07\/logo_tauro_500x109px.png","width":500,"height":109,"caption":"Tauro Essiccatori"},"image":{"@id":"https:\/\/stor51.tauroessiccatori.com\/#\/schema\/logo\/image\/"},"sameAs":["https:\/\/www.facebook.com\/TauroEssiccatori\/","https:\/\/www.instagram.com\/tauro_essiccatori\/","https:\/\/it.linkedin.com\/company\/tauro-essiccatori","https:\/\/www.youtube.com\/user\/tauroessiccatori"]},{"@type":"Person","@id":"https:\/\/stor51.tauroessiccatori.com\/#\/schema\/person\/4e9a2ddcc9501983327a35b418e6219d","name":"elisa","image":{"@type":"ImageObject","inLanguage":"sv-SE","@id":"https:\/\/stor51.tauroessiccatori.com\/#\/schema\/person\/image\/","url":"https:\/\/secure.gravatar.com\/avatar\/886dbd102faf4105bb4911214488ca76?s=96&d=mm&r=g","contentUrl":"https:\/\/secure.gravatar.com\/avatar\/886dbd102faf4105bb4911214488ca76?s=96&d=mm&r=g","caption":"elisa"}}]}},"_links":{"self":[{"href":"https:\/\/stor51.tauroessiccatori.com\/sv\/wp-json\/wp\/v2\/posts\/20122"}],"collection":[{"href":"https:\/\/stor51.tauroessiccatori.com\/sv\/wp-json\/wp\/v2\/posts"}],"about":[{"href":"https:\/\/stor51.tauroessiccatori.com\/sv\/wp-json\/wp\/v2\/types\/post"}],"author":[{"embeddable":true,"href":"https:\/\/stor51.tauroessiccatori.com\/sv\/wp-json\/wp\/v2\/users\/431"}],"replies":[{"embeddable":true,"href":"https:\/\/stor51.tauroessiccatori.com\/sv\/wp-json\/wp\/v2\/comments?post=20122"}],"version-history":[{"count":9,"href":"https:\/\/stor51.tauroessiccatori.com\/sv\/wp-json\/wp\/v2\/posts\/20122\/revisions"}],"predecessor-version":[{"id":20425,"href":"https:\/\/stor51.tauroessiccatori.com\/sv\/wp-json\/wp\/v2\/posts\/20122\/revisions\/20425"}],"wp:featuredmedia":[{"embeddable":true,"href":"https:\/\/stor51.tauroessiccatori.com\/sv\/wp-json\/wp\/v2\/media\/20144"}],"wp:attachment":[{"href":"https:\/\/stor51.tauroessiccatori.com\/sv\/wp-json\/wp\/v2\/media?parent=20122"}],"wp:term":[{"taxonomy":"category","embeddable":true,"href":"https:\/\/stor51.tauroessiccatori.com\/sv\/wp-json\/wp\/v2\/categories?post=20122"},{"taxonomy":"post_tag","embeddable":true,"href":"https:\/\/stor51.tauroessiccatori.com\/sv\/wp-json\/wp\/v2\/tags?post=20122"}],"curies":[{"name":"wp","href":"https:\/\/api.w.org\/{rel}","templated":true}]}}