


{"id":17168,"date":"2020-02-13T12:40:24","date_gmt":"2020-02-13T11:40:24","guid":{"rendered":"https:\/\/www.tauroessiccatori.com\/?p=17168\/"},"modified":"2020-03-05T09:35:38","modified_gmt":"2020-03-05T08:35:38","slug":"tauro-alla-fiera-di-vita-in-campagna-decima-edizione-27-29-marzo-2020","status":"publish","type":"post","link":"https:\/\/stor51.tauroessiccatori.com\/sv\/2020\/02\/13\/tauro-alla-fiera-di-vita-in-campagna-decima-edizione-27-29-marzo-2020\/","title":{"rendered":"27-29.03 | M\u00e4ssan Vita in Campagna uppskjuten"},"content":{"rendered":"<div class=\"tauro-banners\"><div class=\"banner-00\" style=\"background-color: #852035\">\r\n<div class=\"ix-xmas-box-other\" style=\"font-size: 18px;padding: 7px 0;margin: 0 auto 0px auto\" align=\"center\"><b style=\"color: #fff;font-size: 18px\">L\u00e4gg en BIOSEC under tr\u00e4det. <a style=\"color: #f8cc89;font-weight: bold;text-decoration: none;font-size: 18px\" href=\"https:\/\/www.tauroessiccatori.com\/christmas-2024\/\">UPPT\u00c4CK H\u00c4R<\/a> Julkampanjer!<\/b><\/div>\r\n<\/div><div class=\"banner-00\" style=\"background-color: #000\">\r\n<div class=\"ix-xmas-box-other\" style=\"font-size: 18px;padding: 7px 0;margin: 0 auto 0px auto\" align=\"center\"><b style=\"color: #fff\"> Black Friday-rabatterna \u00e4r h\u00e4r! \u00a0 <a style=\"color: #f77209;font-weight: bold;text-decoration: none\" href=\"https:\/\/www.tauroessiccatori.com\/black-friday-2024\/\"> Klicka f\u00f6r att inte missa dem \u2192. <\/a>\r\n<\/b><\/div>\r\n<\/div><\/div><p style=\"text-align: center\"><strong>VIKTIGT MEDDELANDE\u00a0<\/strong><\/p>\n<p><em>Det \u00e4r med stort beklagande som vi m\u00e5ste meddela att m\u00e4ssan Vita in campagna \u00e4r inst\u00e4lld, med tanke p\u00e5 de aktuella order som utf\u00e4rdats av h\u00e4lsoministeriet mot bakgrund av covid-19-n\u00f6dsituationen, de f\u00f6rebyggande \u00e5tg\u00e4rder som vidtagits i olika regioner och de organisatoriska hinder som uppst\u00e5tt till f\u00f6ljd av detta. Vi kommer s\u00e5 snart som m\u00f6jligt att informera dig om eventuella nya datum f\u00f6r m\u00e4ssan, allteftersom situationen utvecklas.\u00a0\u00a0<\/em><\/p>\n<p style=\"text-align: center\">_____________________________________<\/p>\n<p><span class=\"ac-designer-copy\">Vi kommer att vara d\u00e4r igen i \u00e5r, p\u00e5 den omistliga<\/span>\u00a0<a href=\"https:\/\/lafiera.vitaincampagna.it\/\" target=\"_blank\" rel=\"noopener noreferrer\"><span class=\"ac-designer-copy\">r\u00e4ttvis\u00a0<\/span><span class=\"ac-designer-copy\">h\u00e4ndelse av\u00a0<\/span><span class=\"ac-designer-copy\">Livet p\u00e5 landsbygden<\/span><\/a><span class=\"ac-designer-copy\">firar 10 \u00e5r av k\u00e4rlek till naturen och alla naturrelaterade aktiviteter!\u00a0<br class=\"ac-designer-copy\" \/>Du hittar oss alltid p\u00e5\u00a0<\/span><span class=\"ac-designer-copy\"><strong>hall 5<\/strong>, <strong>G\u00e5ng B<\/strong>, <strong>st\u00e5 3<\/strong>\u00a0<\/span><span class=\"ac-designer-copy\">men i \u00e5r kommer det att finnas m\u00e5nga \u00f6verraskningar!<br class=\"ac-designer-copy\" \/><br class=\"ac-designer-copy\" \/>Det kommer inte att r\u00e5da n\u00e5gon brist p\u00e5 v\u00e4rdefulla\u00a0<\/span><strong><span class=\"ac-designer-copy\">kurser\u00a0<\/span><\/strong><span class=\"ac-designer-copy\"><strong>Tauro p\u00e5 torkning<\/strong>berikas av n\u00e4rvaron av<\/span><span class=\"ac-designer-copy\"><a href=\"https:\/\/www.chefdalicandro.it\/\" target=\"_blank\" rel=\"noopener noreferrer\"> Kock Dalicandro<\/a>. <\/span><span class=\"ac-designer-copy\">Du kommer att kunna delta i kurser i montern (kl. 10.00, 12.00 och 16.30) eller i kurslokalen i hallen kl. 16.30.\u00a0<\/span><\/p>\n<p>D\u00e5 kommer det att finnas <strong>tv\u00e5 mycket viktiga m\u00f6testillf\u00e4llen<\/strong> med torkningsentusiaster:<\/p>\n<h3><strong>Professionell konferens om torkning<\/strong><\/h3>\n<p><strong>Fredag 27 mars<\/strong>, sammantr\u00e4der den <strong>3.30 p.m.<\/strong> f\u00f6r en <strong>konferens<\/strong> ber\u00e4ttigad <strong>\"Hantverket torkning: regler, tekniker och strategier f\u00f6r att skapa v\u00e4rde - fr\u00e5n verkstad till f\u00f6rs\u00e4ljning<\/strong>. M\u00f6tet organiseras av Tauro, med deltagande av <strong>partners<\/strong> experter p\u00e5 s\u00e4kerhet p\u00e5 arbetsplatsen, marknadsf\u00f6ring f\u00f6r f\u00f6retag och r\u00e5dgivning f\u00f6r ett professionellt k\u00f6k. Om du vill ha mer information om detta m\u00f6te (som endast kan n\u00e5s efter ackreditering), v\u00e4nligen maila oss p\u00e5 professional@tauroessiccatori.com<\/p>\n<h3 style=\"text-align: left\"><strong>Uppt\u00e4ck v\u00e5ra kostnadsfria kurser<\/strong><\/h3>\n<p><strong>L\u00f6rdag 28 mars<\/strong>, sammantr\u00e4der den <strong>4 p.m.<\/strong> vid Tauro-montern f\u00f6r en ny <strong>m\u00f6te mellan de m\u00e4nniskor som torkar<\/strong> (med inbjudan, skriv till comunicazione@tauroessiccatori.com). Precis som varje \u00e5r \u00e4r detta ett utm\u00e4rkt tillf\u00e4lle att tr\u00e4ffas och ber\u00e4tta f\u00f6r varandra om de senaste nyheterna och r\u00f6nen om torkning och hur det forts\u00e4tter att f\u00f6rb\u00e4ttra v\u00e5ra liv! Dessutom har vi en trevlig giveaway f\u00f6r alla som registrerar sig f\u00f6r m\u00f6tet.<\/p>\n<p><span class=\"ac-designer-copy\">Vi kommer alltid att <\/span><span class=\"ac-designer-copy\">personal\u00a0<\/span>kommer att vara\u00a0<span class=\"ac-designer-copy\">alltid till ditt f\u00f6rfogande f\u00f6r att ge dig\u00a0<\/span><span class=\"ac-designer-copy\">Tips\u00a0<\/span><span class=\"ac-designer-copy\">om hur man b\u00e4st torkar och mycket mer... bes\u00f6k oss i Montichiari (BS)!<\/span><\/p>\n<p>Kom tillbaka och l\u00e4s denna nyhet, eftersom vi kommer att meddela mer information n\u00e4r m\u00e4ssan n\u00e4rmar sig! Vi v\u00e4ntar p\u00e5 dig!<\/p>","protected":false},"excerpt":{"rendered":"<p>Metti un BIOSEC sotto l&#8217;Albero. SCOPRI QUI le promozioni di Natale! Gli sconti Black Friday sono qui! \u00a0 Clicca\u00a0per\u00a0non perderli \u2192 COMUNICAZIONE IMPORTANTE\u00a0 Con grande dispiacere dobbiamo comunicarvi che la fiera di Vita in campagna \u00e8 sospesa, viste le attuali ordinanze disposte dal Ministero della Salute alla luce dell&#8217;emergenza COVID-19, le misure di prevenzione in [&hellip;]<\/p>","protected":false},"author":6,"featured_media":17169,"comment_status":"closed","ping_status":"open","sticky":false,"template":"","format":"standard","meta":{"footnotes":""},"categories":[1],"tags":[],"class_list":["post-17168","post","type-post","status-publish","format-standard","has-post-thumbnail","hentry","category-senza-categoria"],"acf":[],"yoast_head":"<!-- This site is optimized with the Yoast SEO plugin v20.10 - https:\/\/yoast.com\/wordpress\/plugins\/seo\/ -->\n<title>27-29.03 | Sospesa la fiera di Vita in Campagna - Tauro Essiccatori<\/title>\n<meta name=\"robots\" content=\"noindex, follow, max-snippet:-1, max-image-preview:large, max-video-preview:-1\" \/>\n<meta property=\"og:locale\" content=\"sv_SE\" \/>\n<meta property=\"og:type\" content=\"article\" \/>\n<meta property=\"og:title\" content=\"27-29.03 | Sospesa la fiera di Vita in Campagna - Tauro Essiccatori\" \/>\n<meta property=\"og:description\" content=\"Metti un BIOSEC sotto l&#039;Albero. SCOPRI QUI le promozioni di Natale! Gli sconti Black Friday sono qui! \u00a0 Clicca\u00a0per\u00a0non perderli \u2192 COMUNICAZIONE IMPORTANTE\u00a0 Con grande dispiacere dobbiamo comunicarvi che la fiera di Vita in campagna \u00e8 sospesa, viste le attuali ordinanze disposte dal Ministero della Salute alla luce dell&#8217;emergenza COVID-19, le misure di prevenzione in [&hellip;]\" \/>\n<meta property=\"og:url\" content=\"https:\/\/stor51.tauroessiccatori.com\/sv\/2020\/02\/13\/tauro-alla-fiera-di-vita-in-campagna-decima-edizione-27-29-marzo-2020\/\" \/>\n<meta property=\"og:site_name\" content=\"Tauro Essiccatori\" \/>\n<meta property=\"article:publisher\" content=\"https:\/\/www.facebook.com\/TauroEssiccatori\/\" \/>\n<meta property=\"article:published_time\" content=\"2020-02-13T11:40:24+00:00\" \/>\n<meta property=\"article:modified_time\" content=\"2020-03-05T08:35:38+00:00\" \/>\n<meta property=\"og:image\" content=\"https:\/\/stor51.tauroessiccatori.com\/wp-assets\/uploads\/2020\/02\/logo-vic-2020.jpg\" \/>\n\t<meta property=\"og:image:width\" content=\"1060\" \/>\n\t<meta property=\"og:image:height\" content=\"666\" \/>\n\t<meta property=\"og:image:type\" content=\"image\/jpeg\" \/>\n<meta name=\"author\" content=\"Tauro Editor\" \/>\n<meta name=\"twitter:card\" content=\"summary_large_image\" \/>\n<meta name=\"twitter:label1\" content=\"Written by\" \/>\n\t<meta name=\"twitter:data1\" content=\"Tauro Editor\" \/>\n\t<meta name=\"twitter:label2\" content=\"Est. reading time\" \/>\n\t<meta name=\"twitter:data2\" content=\"2 minuter\" \/>\n<script type=\"application\/ld+json\" class=\"yoast-schema-graph\">{\"@context\":\"https:\/\/schema.org\",\"@graph\":[{\"@type\":\"Article\",\"@id\":\"https:\/\/stor51.tauroessiccatori.com\/2020\/02\/13\/tauro-alla-fiera-di-vita-in-campagna-decima-edizione-27-29-marzo-2020\/#article\",\"isPartOf\":{\"@id\":\"https:\/\/stor51.tauroessiccatori.com\/2020\/02\/13\/tauro-alla-fiera-di-vita-in-campagna-decima-edizione-27-29-marzo-2020\/\"},\"author\":{\"name\":\"Tauro Editor\",\"@id\":\"https:\/\/stor51.tauroessiccatori.com\/#\/schema\/person\/a9fa977808a18b840c7f94bacacf47ae\"},\"headline\":\"27-29.03 | Sospesa la fiera di Vita in Campagna\",\"datePublished\":\"2020-02-13T11:40:24+00:00\",\"dateModified\":\"2020-03-05T08:35:38+00:00\",\"mainEntityOfPage\":{\"@id\":\"https:\/\/stor51.tauroessiccatori.com\/2020\/02\/13\/tauro-alla-fiera-di-vita-in-campagna-decima-edizione-27-29-marzo-2020\/\"},\"wordCount\":341,\"publisher\":{\"@id\":\"https:\/\/stor51.tauroessiccatori.com\/#organization\"},\"articleSection\":[\"Senza categoria\"],\"inLanguage\":\"sv-SE\"},{\"@type\":\"WebPage\",\"@id\":\"https:\/\/stor51.tauroessiccatori.com\/2020\/02\/13\/tauro-alla-fiera-di-vita-in-campagna-decima-edizione-27-29-marzo-2020\/\",\"url\":\"https:\/\/stor51.tauroessiccatori.com\/2020\/02\/13\/tauro-alla-fiera-di-vita-in-campagna-decima-edizione-27-29-marzo-2020\/\",\"name\":\"27-29.03 | Sospesa la fiera di Vita in Campagna - Tauro Essiccatori\",\"isPartOf\":{\"@id\":\"https:\/\/stor51.tauroessiccatori.com\/#website\"},\"datePublished\":\"2020-02-13T11:40:24+00:00\",\"dateModified\":\"2020-03-05T08:35:38+00:00\",\"breadcrumb\":{\"@id\":\"https:\/\/stor51.tauroessiccatori.com\/2020\/02\/13\/tauro-alla-fiera-di-vita-in-campagna-decima-edizione-27-29-marzo-2020\/#breadcrumb\"},\"inLanguage\":\"sv-SE\",\"potentialAction\":[{\"@type\":\"ReadAction\",\"target\":[\"https:\/\/stor51.tauroessiccatori.com\/2020\/02\/13\/tauro-alla-fiera-di-vita-in-campagna-decima-edizione-27-29-marzo-2020\/\"]}]},{\"@type\":\"BreadcrumbList\",\"@id\":\"https:\/\/stor51.tauroessiccatori.com\/2020\/02\/13\/tauro-alla-fiera-di-vita-in-campagna-decima-edizione-27-29-marzo-2020\/#breadcrumb\",\"itemListElement\":[{\"@type\":\"ListItem\",\"position\":1,\"name\":\"Home\",\"item\":\"https:\/\/stor51.tauroessiccatori.com\/\"},{\"@type\":\"ListItem\",\"position\":2,\"name\":\"27-29.03 | Sospesa la fiera di Vita in Campagna\"}]},{\"@type\":\"WebSite\",\"@id\":\"https:\/\/stor51.tauroessiccatori.com\/#website\",\"url\":\"https:\/\/stor51.tauroessiccatori.com\/\",\"name\":\"Tauro Essiccatori\",\"description\":\"Welcome to Tauro Essiccatori online shop\",\"publisher\":{\"@id\":\"https:\/\/stor51.tauroessiccatori.com\/#organization\"},\"potentialAction\":[{\"@type\":\"SearchAction\",\"target\":{\"@type\":\"EntryPoint\",\"urlTemplate\":\"https:\/\/stor51.tauroessiccatori.com\/?s={search_term_string}\"},\"query-input\":\"required name=search_term_string\"}],\"inLanguage\":\"sv-SE\"},{\"@type\":\"Organization\",\"@id\":\"https:\/\/stor51.tauroessiccatori.com\/#organization\",\"name\":\"Tauro Essiccatori\",\"url\":\"https:\/\/stor51.tauroessiccatori.com\/\",\"logo\":{\"@type\":\"ImageObject\",\"inLanguage\":\"sv-SE\",\"@id\":\"https:\/\/stor51.tauroessiccatori.com\/#\/schema\/logo\/image\/\",\"url\":\"https:\/\/www.tauroessiccatori.com\/wp-assets\/uploads\/2017\/07\/logo_tauro_500x109px.png\",\"contentUrl\":\"https:\/\/www.tauroessiccatori.com\/wp-assets\/uploads\/2017\/07\/logo_tauro_500x109px.png\",\"width\":500,\"height\":109,\"caption\":\"Tauro Essiccatori\"},\"image\":{\"@id\":\"https:\/\/stor51.tauroessiccatori.com\/#\/schema\/logo\/image\/\"},\"sameAs\":[\"https:\/\/www.facebook.com\/TauroEssiccatori\/\",\"https:\/\/www.instagram.com\/tauro_essiccatori\/\",\"https:\/\/it.linkedin.com\/company\/tauro-essiccatori\",\"https:\/\/www.youtube.com\/user\/tauroessiccatori\"]},{\"@type\":\"Person\",\"@id\":\"https:\/\/stor51.tauroessiccatori.com\/#\/schema\/person\/a9fa977808a18b840c7f94bacacf47ae\",\"name\":\"Tauro Editor\",\"image\":{\"@type\":\"ImageObject\",\"inLanguage\":\"sv-SE\",\"@id\":\"https:\/\/stor51.tauroessiccatori.com\/#\/schema\/person\/image\/\",\"url\":\"https:\/\/secure.gravatar.com\/avatar\/b557ca77f150c24c8ed284846901e83d?s=96&d=mm&r=g\",\"contentUrl\":\"https:\/\/secure.gravatar.com\/avatar\/b557ca77f150c24c8ed284846901e83d?s=96&d=mm&r=g\",\"caption\":\"Tauro Editor\"},\"sameAs\":[\"http:\/\/www.tauroessiccatori.com\"]}]}<\/script>\n<!-- \/ Yoast SEO plugin. -->","yoast_head_json":{"title":"27-29.03 | Sospesa la fiera di Vita in Campagna - Tauro Essiccatori","robots":{"index":"noindex","follow":"follow","max-snippet":"max-snippet:-1","max-image-preview":"max-image-preview:large","max-video-preview":"max-video-preview:-1"},"og_locale":"sv_SE","og_type":"article","og_title":"27-29.03 | Sospesa la fiera di Vita in Campagna - Tauro Essiccatori","og_description":"Metti un BIOSEC sotto l'Albero. SCOPRI QUI le promozioni di Natale! Gli sconti Black Friday sono qui! \u00a0 Clicca\u00a0per\u00a0non perderli \u2192 COMUNICAZIONE IMPORTANTE\u00a0 Con grande dispiacere dobbiamo comunicarvi che la fiera di Vita in campagna \u00e8 sospesa, viste le attuali ordinanze disposte dal Ministero della Salute alla luce dell&#8217;emergenza COVID-19, le misure di prevenzione in [&hellip;]","og_url":"https:\/\/stor51.tauroessiccatori.com\/sv\/2020\/02\/13\/tauro-alla-fiera-di-vita-in-campagna-decima-edizione-27-29-marzo-2020\/","og_site_name":"Tauro Essiccatori","article_publisher":"https:\/\/www.facebook.com\/TauroEssiccatori\/","article_published_time":"2020-02-13T11:40:24+00:00","article_modified_time":"2020-03-05T08:35:38+00:00","og_image":[{"width":1060,"height":666,"url":"https:\/\/stor51.tauroessiccatori.com\/wp-assets\/uploads\/2020\/02\/logo-vic-2020.jpg","type":"image\/jpeg"}],"author":"Tauro Editor","twitter_card":"summary_large_image","twitter_misc":{"Written by":"Tauro Editor","Est. reading time":"2 minuter"},"schema":{"@context":"https:\/\/schema.org","@graph":[{"@type":"Article","@id":"https:\/\/stor51.tauroessiccatori.com\/2020\/02\/13\/tauro-alla-fiera-di-vita-in-campagna-decima-edizione-27-29-marzo-2020\/#article","isPartOf":{"@id":"https:\/\/stor51.tauroessiccatori.com\/2020\/02\/13\/tauro-alla-fiera-di-vita-in-campagna-decima-edizione-27-29-marzo-2020\/"},"author":{"name":"Tauro Editor","@id":"https:\/\/stor51.tauroessiccatori.com\/#\/schema\/person\/a9fa977808a18b840c7f94bacacf47ae"},"headline":"27-29.03 | Sospesa la fiera di Vita in Campagna","datePublished":"2020-02-13T11:40:24+00:00","dateModified":"2020-03-05T08:35:38+00:00","mainEntityOfPage":{"@id":"https:\/\/stor51.tauroessiccatori.com\/2020\/02\/13\/tauro-alla-fiera-di-vita-in-campagna-decima-edizione-27-29-marzo-2020\/"},"wordCount":341,"publisher":{"@id":"https:\/\/stor51.tauroessiccatori.com\/#organization"},"articleSection":["Senza categoria"],"inLanguage":"sv-SE"},{"@type":"WebPage","@id":"https:\/\/stor51.tauroessiccatori.com\/2020\/02\/13\/tauro-alla-fiera-di-vita-in-campagna-decima-edizione-27-29-marzo-2020\/","url":"https:\/\/stor51.tauroessiccatori.com\/2020\/02\/13\/tauro-alla-fiera-di-vita-in-campagna-decima-edizione-27-29-marzo-2020\/","name":"27-29.03 | Sospesa la fiera di Vita in Campagna - Tauro Essiccatori","isPartOf":{"@id":"https:\/\/stor51.tauroessiccatori.com\/#website"},"datePublished":"2020-02-13T11:40:24+00:00","dateModified":"2020-03-05T08:35:38+00:00","breadcrumb":{"@id":"https:\/\/stor51.tauroessiccatori.com\/2020\/02\/13\/tauro-alla-fiera-di-vita-in-campagna-decima-edizione-27-29-marzo-2020\/#breadcrumb"},"inLanguage":"sv-SE","potentialAction":[{"@type":"ReadAction","target":["https:\/\/stor51.tauroessiccatori.com\/2020\/02\/13\/tauro-alla-fiera-di-vita-in-campagna-decima-edizione-27-29-marzo-2020\/"]}]},{"@type":"BreadcrumbList","@id":"https:\/\/stor51.tauroessiccatori.com\/2020\/02\/13\/tauro-alla-fiera-di-vita-in-campagna-decima-edizione-27-29-marzo-2020\/#breadcrumb","itemListElement":[{"@type":"ListItem","position":1,"name":"Home","item":"https:\/\/stor51.tauroessiccatori.com\/"},{"@type":"ListItem","position":2,"name":"27-29.03 | Sospesa la fiera di Vita in Campagna"}]},{"@type":"WebSite","@id":"https:\/\/stor51.tauroessiccatori.com\/#website","url":"https:\/\/stor51.tauroessiccatori.com\/","name":"Tauro Essiccatori","description":"Welcome to Tauro Essiccatori online shop","publisher":{"@id":"https:\/\/stor51.tauroessiccatori.com\/#organization"},"potentialAction":[{"@type":"SearchAction","target":{"@type":"EntryPoint","urlTemplate":"https:\/\/stor51.tauroessiccatori.com\/?s={search_term_string}"},"query-input":"required name=search_term_string"}],"inLanguage":"sv-SE"},{"@type":"Organization","@id":"https:\/\/stor51.tauroessiccatori.com\/#organization","name":"Tauro Essiccatori","url":"https:\/\/stor51.tauroessiccatori.com\/","logo":{"@type":"ImageObject","inLanguage":"sv-SE","@id":"https:\/\/stor51.tauroessiccatori.com\/#\/schema\/logo\/image\/","url":"https:\/\/www.tauroessiccatori.com\/wp-assets\/uploads\/2017\/07\/logo_tauro_500x109px.png","contentUrl":"https:\/\/www.tauroessiccatori.com\/wp-assets\/uploads\/2017\/07\/logo_tauro_500x109px.png","width":500,"height":109,"caption":"Tauro Essiccatori"},"image":{"@id":"https:\/\/stor51.tauroessiccatori.com\/#\/schema\/logo\/image\/"},"sameAs":["https:\/\/www.facebook.com\/TauroEssiccatori\/","https:\/\/www.instagram.com\/tauro_essiccatori\/","https:\/\/it.linkedin.com\/company\/tauro-essiccatori","https:\/\/www.youtube.com\/user\/tauroessiccatori"]},{"@type":"Person","@id":"https:\/\/stor51.tauroessiccatori.com\/#\/schema\/person\/a9fa977808a18b840c7f94bacacf47ae","name":"Tauro Editor","image":{"@type":"ImageObject","inLanguage":"sv-SE","@id":"https:\/\/stor51.tauroessiccatori.com\/#\/schema\/person\/image\/","url":"https:\/\/secure.gravatar.com\/avatar\/b557ca77f150c24c8ed284846901e83d?s=96&d=mm&r=g","contentUrl":"https:\/\/secure.gravatar.com\/avatar\/b557ca77f150c24c8ed284846901e83d?s=96&d=mm&r=g","caption":"Tauro Editor"},"sameAs":["http:\/\/www.tauroessiccatori.com"]}]}},"_links":{"self":[{"href":"https:\/\/stor51.tauroessiccatori.com\/sv\/wp-json\/wp\/v2\/posts\/17168"}],"collection":[{"href":"https:\/\/stor51.tauroessiccatori.com\/sv\/wp-json\/wp\/v2\/posts"}],"about":[{"href":"https:\/\/stor51.tauroessiccatori.com\/sv\/wp-json\/wp\/v2\/types\/post"}],"author":[{"embeddable":true,"href":"https:\/\/stor51.tauroessiccatori.com\/sv\/wp-json\/wp\/v2\/users\/6"}],"replies":[{"embeddable":true,"href":"https:\/\/stor51.tauroessiccatori.com\/sv\/wp-json\/wp\/v2\/comments?post=17168"}],"version-history":[{"count":14,"href":"https:\/\/stor51.tauroessiccatori.com\/sv\/wp-json\/wp\/v2\/posts\/17168\/revisions"}],"predecessor-version":[{"id":19350,"href":"https:\/\/stor51.tauroessiccatori.com\/sv\/wp-json\/wp\/v2\/posts\/17168\/revisions\/19350"}],"wp:featuredmedia":[{"embeddable":true,"href":"https:\/\/stor51.tauroessiccatori.com\/sv\/wp-json\/wp\/v2\/media\/17169"}],"wp:attachment":[{"href":"https:\/\/stor51.tauroessiccatori.com\/sv\/wp-json\/wp\/v2\/media?parent=17168"}],"wp:term":[{"taxonomy":"category","embeddable":true,"href":"https:\/\/stor51.tauroessiccatori.com\/sv\/wp-json\/wp\/v2\/categories?post=17168"},{"taxonomy":"post_tag","embeddable":true,"href":"https:\/\/stor51.tauroessiccatori.com\/sv\/wp-json\/wp\/v2\/tags?post=17168"}],"curies":[{"name":"wp","href":"https:\/\/api.w.org\/{rel}","templated":true}]}}