


{"id":20122,"date":"2020-03-18T11:57:42","date_gmt":"2020-03-18T10:57:42","guid":{"rendered":"https:\/\/www.tauroessiccatori.com\/?p=20122\/"},"modified":"2020-03-20T18:13:15","modified_gmt":"2020-03-20T17:13:15","slug":"modalita-operative-durante-emergenza-covid-19","status":"publish","type":"post","link":"https:\/\/stor51.tauroessiccatori.com\/sl\/2020\/03\/18\/nacin-delovanja-v-nujnih-primerih-covid-19\/","title":{"rendered":"Na\u010dini delovanja v sili Covid-19"},"content":{"rendered":"<div class=\"tauro-banners\"><div class=\"banner-00\" style=\"background-color: #852035\">\r\n<div class=\"ix-xmas-box-other\" style=\"font-size: 18px;padding: 7px 0;margin: 0 auto 0px auto\" align=\"center\"><b style=\"color: #fff;font-size: 18px\">Pod drevesom postavite napravo BIOSEC. <a style=\"color: #f8cc89;font-weight: bold;text-decoration: none;font-size: 18px\" href=\"https:\/\/www.tauroessiccatori.com\/christmas-2024\/\">ODKRITI TUKAJ<\/a> Bo\u017ei\u010dne akcije!<\/b><\/div>\r\n<\/div><div class=\"banner-00\" style=\"background-color: #000\">\r\n<div class=\"ix-xmas-box-other\" style=\"font-size: 18px;padding: 7px 0;margin: 0 auto 0px auto\" align=\"center\"><b style=\"color: #fff\"> Popusti na \u010drni petek so tu! \u00a0 <a style=\"color: #f77209;font-weight: bold;text-decoration: none\" href=\"https:\/\/www.tauroessiccatori.com\/black-friday-2024\/\"> Kliknite, da jih ne zamudite \u2192 <\/a>\r\n<\/b><\/div>\r\n<\/div><\/div><h3 style=\"text-align: center\"><strong>POMEMBNE INFORMACIJE ZA VSE NA\u0160E STRANKE<\/strong><\/h3>\n<div><\/div>\n<p>&nbsp;<\/p>\n<div><\/div>\n<div>Obve\u0161\u010damo vas, da tudi podjetje Tauro spo\u0161tuje\u00a0<b>direktive\u00a0<\/b>in\u00a0<b>standardi\u00a0<\/b>varnostne ukrepe za prepre\u010ditev \u0161irjenja in \u0161irjenja virusa Corona. Kljub temu smo s pametnim delom in de\u017eurstvom, kjer je to nujno potrebno, zagotovili\u00a0<b>podjetje\u00a0<\/b>ostaja .\u00a0<b>odprta\u00a0<\/b>za zagotovitev operativnosti in\u00a0<b>po\u0161iljke<\/b>razumljivo z ve\u010djo pro\u017enostjo zaradi razmer.<\/div>\n<div><\/div>\n<div><\/div>\n<div>Na nekaterih najbolj prizadetih obmo\u010djih kurirji trenutno ne opravljajo rednih storitev. Seznam lokacij se nenehno spreminja in ga ni mogo\u010de vnaprej predvideti. \u010ce po\u0161iljke ne bomo mogli opraviti, bomo stopili v stik s prejemnikom in se dogovorili o najbolj\u0161i re\u0161itvi.<\/div>\n<div><\/div>\n<div><\/div>\n<div>Spletna stran\u00a0<b>stikalna plo\u0161\u010da\u00a0<\/b>ostani\u00a0<b>odprta\u00a0<\/b>da prejmete\u00a0<b>telefonski klici\u00a0<\/b>Od ponedeljka do petka od 9.00 do 12.30, popoldne samo v nujnih primerih.<\/div>\n<div>Vedno lahko\u00a0<b>pi\u0161ite nam\u00a0<\/b>prek\u00a0<b>e-po\u0161ta<\/b>na spletni strani . <a href=\"mailto:clienti@tauroessiccatori.com\">clienti@tauroessiccatori.com<\/a>za informacije in naro\u010dila; hitro se bomo odzvali na vse va\u0161e zahteve.<\/div>\n<div><\/div>\n<div><\/div>\n<div>Zagotavljamo tudi\u00a0<b>varnost\u00a0<\/b>na\u0161ega\u00a0<b>parcele<\/b>za svoje in va\u0161e zdravje upravljavce embala\u017ee za\u0161\u010ditite z maskami in rokavicami. Znanstvene \u0161tudije zagotavljajo, da virus ne pre\u017eivi \u010dasa po\u0161iljanja, zato lahko v miru prejmete in odprete paket.<\/div>\n<div><\/div>\n<div><\/div>\n<div>V \u017eelji, da bi se \u010dim prej vrnili v normalno \u017eivljenje, vas toplo pozdravljamo!<\/div>\n<div><\/div>\n<div><\/div>\n<div>Tauro osebje<\/div>\n<div><\/div>","protected":false},"excerpt":{"rendered":"<p>Metti un BIOSEC sotto l&#8217;Albero. SCOPRI QUI le promozioni di Natale! Gli sconti Black Friday sono qui! \u00a0 Clicca\u00a0per\u00a0non perderli \u2192 INFORMAZIONE IMPORTANTE PER TUTTI I NOSTRI CLIENTI &nbsp; Ci teniamo a comunicarvi che anche Tauro sta rispettando le\u00a0direttive\u00a0e le\u00a0norme\u00a0di sicurezza per arginare la diffusione e il contagio da Corona virus. Nonostante questo, con modalit\u00e0 [&hellip;]<\/p>","protected":false},"author":431,"featured_media":20144,"comment_status":"closed","ping_status":"open","sticky":false,"template":"","format":"standard","meta":{"footnotes":""},"categories":[1],"tags":[],"class_list":["post-20122","post","type-post","status-publish","format-standard","has-post-thumbnail","hentry","category-senza-categoria"],"acf":[],"yoast_head":"<!-- This site is optimized with the Yoast SEO plugin v20.10 - https:\/\/yoast.com\/wordpress\/plugins\/seo\/ -->\n<title>Modalit\u00e0 operative durante emergenza Covid-19 - Tauro Essiccatori<\/title>\n<meta name=\"robots\" content=\"noindex, follow, max-snippet:-1, max-image-preview:large, max-video-preview:-1\" \/>\n<meta property=\"og:locale\" content=\"sl_SI\" \/>\n<meta property=\"og:type\" content=\"article\" \/>\n<meta property=\"og:title\" content=\"Modalit\u00e0 operative durante emergenza Covid-19 - Tauro Essiccatori\" \/>\n<meta property=\"og:description\" content=\"Metti un BIOSEC sotto l&#039;Albero. SCOPRI QUI le promozioni di Natale! Gli sconti Black Friday sono qui! \u00a0 Clicca\u00a0per\u00a0non perderli \u2192 INFORMAZIONE IMPORTANTE PER TUTTI I NOSTRI CLIENTI &nbsp; Ci teniamo a comunicarvi che anche Tauro sta rispettando le\u00a0direttive\u00a0e le\u00a0norme\u00a0di sicurezza per arginare la diffusione e il contagio da Corona virus. Nonostante questo, con modalit\u00e0 [&hellip;]\" \/>\n<meta property=\"og:url\" content=\"https:\/\/stor51.tauroessiccatori.com\/sl\/2020\/03\/18\/nacin-delovanja-v-nujnih-primerih-covid-19\/\" \/>\n<meta property=\"og:site_name\" content=\"Tauro Essiccatori\" \/>\n<meta property=\"article:publisher\" content=\"https:\/\/www.facebook.com\/TauroEssiccatori\/\" \/>\n<meta property=\"article:published_time\" content=\"2020-03-18T10:57:42+00:00\" \/>\n<meta property=\"article:modified_time\" content=\"2020-03-20T17:13:15+00:00\" \/>\n<meta property=\"og:image\" content=\"https:\/\/stor51.tauroessiccatori.com\/wp-assets\/uploads\/2020\/03\/coronavirus-prevenzione-norme-igieniche.jpg\" \/>\n\t<meta property=\"og:image:width\" content=\"1280\" \/>\n\t<meta property=\"og:image:height\" content=\"720\" \/>\n\t<meta property=\"og:image:type\" content=\"image\/jpeg\" \/>\n<meta name=\"author\" content=\"elisa\" \/>\n<meta name=\"twitter:card\" content=\"summary_large_image\" \/>\n<meta name=\"twitter:label1\" content=\"Written by\" \/>\n\t<meta name=\"twitter:data1\" content=\"elisa\" \/>\n\t<meta name=\"twitter:label2\" content=\"Est. reading time\" \/>\n\t<meta name=\"twitter:data2\" content=\"1 minuta\" \/>\n<script type=\"application\/ld+json\" class=\"yoast-schema-graph\">{\"@context\":\"https:\/\/schema.org\",\"@graph\":[{\"@type\":\"Article\",\"@id\":\"https:\/\/stor51.tauroessiccatori.com\/2020\/03\/18\/modalita-operative-durante-emergenza-covid-19\/#article\",\"isPartOf\":{\"@id\":\"https:\/\/stor51.tauroessiccatori.com\/2020\/03\/18\/modalita-operative-durante-emergenza-covid-19\/\"},\"author\":{\"name\":\"elisa\",\"@id\":\"https:\/\/stor51.tauroessiccatori.com\/#\/schema\/person\/4e9a2ddcc9501983327a35b418e6219d\"},\"headline\":\"Modalit\u00e0 operative durante emergenza Covid-19\",\"datePublished\":\"2020-03-18T10:57:42+00:00\",\"dateModified\":\"2020-03-20T17:13:15+00:00\",\"mainEntityOfPage\":{\"@id\":\"https:\/\/stor51.tauroessiccatori.com\/2020\/03\/18\/modalita-operative-durante-emergenza-covid-19\/\"},\"wordCount\":228,\"publisher\":{\"@id\":\"https:\/\/stor51.tauroessiccatori.com\/#organization\"},\"articleSection\":[\"Senza categoria\"],\"inLanguage\":\"sl-SI\"},{\"@type\":\"WebPage\",\"@id\":\"https:\/\/stor51.tauroessiccatori.com\/2020\/03\/18\/modalita-operative-durante-emergenza-covid-19\/\",\"url\":\"https:\/\/stor51.tauroessiccatori.com\/2020\/03\/18\/modalita-operative-durante-emergenza-covid-19\/\",\"name\":\"Modalit\u00e0 operative durante emergenza Covid-19 - Tauro Essiccatori\",\"isPartOf\":{\"@id\":\"https:\/\/stor51.tauroessiccatori.com\/#website\"},\"datePublished\":\"2020-03-18T10:57:42+00:00\",\"dateModified\":\"2020-03-20T17:13:15+00:00\",\"breadcrumb\":{\"@id\":\"https:\/\/stor51.tauroessiccatori.com\/2020\/03\/18\/modalita-operative-durante-emergenza-covid-19\/#breadcrumb\"},\"inLanguage\":\"sl-SI\",\"potentialAction\":[{\"@type\":\"ReadAction\",\"target\":[\"https:\/\/stor51.tauroessiccatori.com\/2020\/03\/18\/modalita-operative-durante-emergenza-covid-19\/\"]}]},{\"@type\":\"BreadcrumbList\",\"@id\":\"https:\/\/stor51.tauroessiccatori.com\/2020\/03\/18\/modalita-operative-durante-emergenza-covid-19\/#breadcrumb\",\"itemListElement\":[{\"@type\":\"ListItem\",\"position\":1,\"name\":\"Home\",\"item\":\"https:\/\/stor51.tauroessiccatori.com\/\"},{\"@type\":\"ListItem\",\"position\":2,\"name\":\"Modalit\u00e0 operative durante emergenza Covid-19\"}]},{\"@type\":\"WebSite\",\"@id\":\"https:\/\/stor51.tauroessiccatori.com\/#website\",\"url\":\"https:\/\/stor51.tauroessiccatori.com\/\",\"name\":\"Tauro Essiccatori\",\"description\":\"Welcome to Tauro Essiccatori online shop\",\"publisher\":{\"@id\":\"https:\/\/stor51.tauroessiccatori.com\/#organization\"},\"potentialAction\":[{\"@type\":\"SearchAction\",\"target\":{\"@type\":\"EntryPoint\",\"urlTemplate\":\"https:\/\/stor51.tauroessiccatori.com\/?s={search_term_string}\"},\"query-input\":\"required name=search_term_string\"}],\"inLanguage\":\"sl-SI\"},{\"@type\":\"Organization\",\"@id\":\"https:\/\/stor51.tauroessiccatori.com\/#organization\",\"name\":\"Tauro Essiccatori\",\"url\":\"https:\/\/stor51.tauroessiccatori.com\/\",\"logo\":{\"@type\":\"ImageObject\",\"inLanguage\":\"sl-SI\",\"@id\":\"https:\/\/stor51.tauroessiccatori.com\/#\/schema\/logo\/image\/\",\"url\":\"https:\/\/www.tauroessiccatori.com\/wp-assets\/uploads\/2017\/07\/logo_tauro_500x109px.png\",\"contentUrl\":\"https:\/\/www.tauroessiccatori.com\/wp-assets\/uploads\/2017\/07\/logo_tauro_500x109px.png\",\"width\":500,\"height\":109,\"caption\":\"Tauro Essiccatori\"},\"image\":{\"@id\":\"https:\/\/stor51.tauroessiccatori.com\/#\/schema\/logo\/image\/\"},\"sameAs\":[\"https:\/\/www.facebook.com\/TauroEssiccatori\/\",\"https:\/\/www.instagram.com\/tauro_essiccatori\/\",\"https:\/\/it.linkedin.com\/company\/tauro-essiccatori\",\"https:\/\/www.youtube.com\/user\/tauroessiccatori\"]},{\"@type\":\"Person\",\"@id\":\"https:\/\/stor51.tauroessiccatori.com\/#\/schema\/person\/4e9a2ddcc9501983327a35b418e6219d\",\"name\":\"elisa\",\"image\":{\"@type\":\"ImageObject\",\"inLanguage\":\"sl-SI\",\"@id\":\"https:\/\/stor51.tauroessiccatori.com\/#\/schema\/person\/image\/\",\"url\":\"https:\/\/secure.gravatar.com\/avatar\/886dbd102faf4105bb4911214488ca76?s=96&d=mm&r=g\",\"contentUrl\":\"https:\/\/secure.gravatar.com\/avatar\/886dbd102faf4105bb4911214488ca76?s=96&d=mm&r=g\",\"caption\":\"elisa\"}}]}<\/script>\n<!-- \/ Yoast SEO plugin. -->","yoast_head_json":{"title":"Modalit\u00e0 operative durante emergenza Covid-19 - Tauro Essiccatori","robots":{"index":"noindex","follow":"follow","max-snippet":"max-snippet:-1","max-image-preview":"max-image-preview:large","max-video-preview":"max-video-preview:-1"},"og_locale":"sl_SI","og_type":"article","og_title":"Modalit\u00e0 operative durante emergenza Covid-19 - Tauro Essiccatori","og_description":"Metti un BIOSEC sotto l'Albero. SCOPRI QUI le promozioni di Natale! Gli sconti Black Friday sono qui! \u00a0 Clicca\u00a0per\u00a0non perderli \u2192 INFORMAZIONE IMPORTANTE PER TUTTI I NOSTRI CLIENTI &nbsp; Ci teniamo a comunicarvi che anche Tauro sta rispettando le\u00a0direttive\u00a0e le\u00a0norme\u00a0di sicurezza per arginare la diffusione e il contagio da Corona virus. Nonostante questo, con modalit\u00e0 [&hellip;]","og_url":"https:\/\/stor51.tauroessiccatori.com\/sl\/2020\/03\/18\/nacin-delovanja-v-nujnih-primerih-covid-19\/","og_site_name":"Tauro Essiccatori","article_publisher":"https:\/\/www.facebook.com\/TauroEssiccatori\/","article_published_time":"2020-03-18T10:57:42+00:00","article_modified_time":"2020-03-20T17:13:15+00:00","og_image":[{"width":1280,"height":720,"url":"https:\/\/stor51.tauroessiccatori.com\/wp-assets\/uploads\/2020\/03\/coronavirus-prevenzione-norme-igieniche.jpg","type":"image\/jpeg"}],"author":"elisa","twitter_card":"summary_large_image","twitter_misc":{"Written by":"elisa","Est. reading time":"1 minuta"},"schema":{"@context":"https:\/\/schema.org","@graph":[{"@type":"Article","@id":"https:\/\/stor51.tauroessiccatori.com\/2020\/03\/18\/modalita-operative-durante-emergenza-covid-19\/#article","isPartOf":{"@id":"https:\/\/stor51.tauroessiccatori.com\/2020\/03\/18\/modalita-operative-durante-emergenza-covid-19\/"},"author":{"name":"elisa","@id":"https:\/\/stor51.tauroessiccatori.com\/#\/schema\/person\/4e9a2ddcc9501983327a35b418e6219d"},"headline":"Modalit\u00e0 operative durante emergenza Covid-19","datePublished":"2020-03-18T10:57:42+00:00","dateModified":"2020-03-20T17:13:15+00:00","mainEntityOfPage":{"@id":"https:\/\/stor51.tauroessiccatori.com\/2020\/03\/18\/modalita-operative-durante-emergenza-covid-19\/"},"wordCount":228,"publisher":{"@id":"https:\/\/stor51.tauroessiccatori.com\/#organization"},"articleSection":["Senza categoria"],"inLanguage":"sl-SI"},{"@type":"WebPage","@id":"https:\/\/stor51.tauroessiccatori.com\/2020\/03\/18\/modalita-operative-durante-emergenza-covid-19\/","url":"https:\/\/stor51.tauroessiccatori.com\/2020\/03\/18\/modalita-operative-durante-emergenza-covid-19\/","name":"Modalit\u00e0 operative durante emergenza Covid-19 - Tauro Essiccatori","isPartOf":{"@id":"https:\/\/stor51.tauroessiccatori.com\/#website"},"datePublished":"2020-03-18T10:57:42+00:00","dateModified":"2020-03-20T17:13:15+00:00","breadcrumb":{"@id":"https:\/\/stor51.tauroessiccatori.com\/2020\/03\/18\/modalita-operative-durante-emergenza-covid-19\/#breadcrumb"},"inLanguage":"sl-SI","potentialAction":[{"@type":"ReadAction","target":["https:\/\/stor51.tauroessiccatori.com\/2020\/03\/18\/modalita-operative-durante-emergenza-covid-19\/"]}]},{"@type":"BreadcrumbList","@id":"https:\/\/stor51.tauroessiccatori.com\/2020\/03\/18\/modalita-operative-durante-emergenza-covid-19\/#breadcrumb","itemListElement":[{"@type":"ListItem","position":1,"name":"Home","item":"https:\/\/stor51.tauroessiccatori.com\/"},{"@type":"ListItem","position":2,"name":"Modalit\u00e0 operative durante emergenza Covid-19"}]},{"@type":"WebSite","@id":"https:\/\/stor51.tauroessiccatori.com\/#website","url":"https:\/\/stor51.tauroessiccatori.com\/","name":"Tauro Essiccatori","description":"Welcome to Tauro Essiccatori online shop","publisher":{"@id":"https:\/\/stor51.tauroessiccatori.com\/#organization"},"potentialAction":[{"@type":"SearchAction","target":{"@type":"EntryPoint","urlTemplate":"https:\/\/stor51.tauroessiccatori.com\/?s={search_term_string}"},"query-input":"required name=search_term_string"}],"inLanguage":"sl-SI"},{"@type":"Organization","@id":"https:\/\/stor51.tauroessiccatori.com\/#organization","name":"Tauro Essiccatori","url":"https:\/\/stor51.tauroessiccatori.com\/","logo":{"@type":"ImageObject","inLanguage":"sl-SI","@id":"https:\/\/stor51.tauroessiccatori.com\/#\/schema\/logo\/image\/","url":"https:\/\/www.tauroessiccatori.com\/wp-assets\/uploads\/2017\/07\/logo_tauro_500x109px.png","contentUrl":"https:\/\/www.tauroessiccatori.com\/wp-assets\/uploads\/2017\/07\/logo_tauro_500x109px.png","width":500,"height":109,"caption":"Tauro Essiccatori"},"image":{"@id":"https:\/\/stor51.tauroessiccatori.com\/#\/schema\/logo\/image\/"},"sameAs":["https:\/\/www.facebook.com\/TauroEssiccatori\/","https:\/\/www.instagram.com\/tauro_essiccatori\/","https:\/\/it.linkedin.com\/company\/tauro-essiccatori","https:\/\/www.youtube.com\/user\/tauroessiccatori"]},{"@type":"Person","@id":"https:\/\/stor51.tauroessiccatori.com\/#\/schema\/person\/4e9a2ddcc9501983327a35b418e6219d","name":"elisa","image":{"@type":"ImageObject","inLanguage":"sl-SI","@id":"https:\/\/stor51.tauroessiccatori.com\/#\/schema\/person\/image\/","url":"https:\/\/secure.gravatar.com\/avatar\/886dbd102faf4105bb4911214488ca76?s=96&d=mm&r=g","contentUrl":"https:\/\/secure.gravatar.com\/avatar\/886dbd102faf4105bb4911214488ca76?s=96&d=mm&r=g","caption":"elisa"}}]}},"_links":{"self":[{"href":"https:\/\/stor51.tauroessiccatori.com\/sl\/wp-json\/wp\/v2\/posts\/20122"}],"collection":[{"href":"https:\/\/stor51.tauroessiccatori.com\/sl\/wp-json\/wp\/v2\/posts"}],"about":[{"href":"https:\/\/stor51.tauroessiccatori.com\/sl\/wp-json\/wp\/v2\/types\/post"}],"author":[{"embeddable":true,"href":"https:\/\/stor51.tauroessiccatori.com\/sl\/wp-json\/wp\/v2\/users\/431"}],"replies":[{"embeddable":true,"href":"https:\/\/stor51.tauroessiccatori.com\/sl\/wp-json\/wp\/v2\/comments?post=20122"}],"version-history":[{"count":9,"href":"https:\/\/stor51.tauroessiccatori.com\/sl\/wp-json\/wp\/v2\/posts\/20122\/revisions"}],"predecessor-version":[{"id":20425,"href":"https:\/\/stor51.tauroessiccatori.com\/sl\/wp-json\/wp\/v2\/posts\/20122\/revisions\/20425"}],"wp:featuredmedia":[{"embeddable":true,"href":"https:\/\/stor51.tauroessiccatori.com\/sl\/wp-json\/wp\/v2\/media\/20144"}],"wp:attachment":[{"href":"https:\/\/stor51.tauroessiccatori.com\/sl\/wp-json\/wp\/v2\/media?parent=20122"}],"wp:term":[{"taxonomy":"category","embeddable":true,"href":"https:\/\/stor51.tauroessiccatori.com\/sl\/wp-json\/wp\/v2\/categories?post=20122"},{"taxonomy":"post_tag","embeddable":true,"href":"https:\/\/stor51.tauroessiccatori.com\/sl\/wp-json\/wp\/v2\/tags?post=20122"}],"curies":[{"name":"wp","href":"https:\/\/api.w.org\/{rel}","templated":true}]}}