


{"id":155537,"date":"2022-02-25T16:58:05","date_gmt":"2022-02-25T15:58:05","guid":{"rendered":"https:\/\/www.tauroessiccatori.com\/?p=155537\/"},"modified":"2022-02-28T12:09:28","modified_gmt":"2022-02-28T11:09:28","slug":"grazie-renato","status":"publish","type":"post","link":"https:\/\/stor51.tauroessiccatori.com\/sl\/2022\/02\/25\/hvala-renato\/","title":{"rendered":"Hvala Renato"},"content":{"rendered":"<div class=\"tauro-banners\"><div class=\"banner-00\" style=\"background-color: #852035\">\r\n<div class=\"ix-xmas-box-other\" style=\"font-size: 18px;padding: 7px 0;margin: 0 auto 0px auto\" align=\"center\"><b style=\"color: #fff;font-size: 18px\">Pod drevesom postavite napravo BIOSEC. <a style=\"color: #f8cc89;font-weight: bold;text-decoration: none;font-size: 18px\" href=\"https:\/\/www.tauroessiccatori.com\/christmas-2024\/\">ODKRITI TUKAJ<\/a> Bo\u017ei\u010dne akcije!<\/b><\/div>\r\n<\/div><div class=\"banner-00\" style=\"background-color: #000\">\r\n<div class=\"ix-xmas-box-other\" style=\"font-size: 18px;padding: 7px 0;margin: 0 auto 0px auto\" align=\"center\"><b style=\"color: #fff\"> Popusti na \u010drni petek so tu! \u00a0 <a style=\"color: #f77209;font-weight: bold;text-decoration: none\" href=\"https:\/\/www.tauroessiccatori.com\/black-friday-2024\/\"> Kliknite, da jih ne zamudite \u2192 <\/a>\r\n<\/b><\/div>\r\n<\/div><\/div><div class\"ix-img-inner-news\" style=\"margin:1.75rem 0;\">\n   <img decoding=\"async\" src=\"https:\/\/stor51.tauroessiccatori.com\/wp-assets\/uploads\/2022\/02\/1645472007681_mod-copia.jpg\">\n<\/div>\n<div>25.02.2022<\/div>\n<div>Danes je za Tauro zelo poseben in te\u017eak dan.<\/div>\n<div>Zapustil nas je Renato Zanon Santon, Livijev o\u010de in zgodovinski ustanovitelj podjetja.<\/div>\n<div>Renato je pred ve\u010d kot 30 leti zasnoval, zasnoval na papirju in izvedel prvi su\u0161ilnik z vodoravnim tokom. V \u010dasu, ko se \u0161e ni govorilo o \"bio\", samoproizvodnji in omejevanju odpadkov, je bil prepri\u010dan o dobrem konceptu in vrednotah, ki so iz njega izhajale, zato je izpopolnil zasnovo, investiral v njeno izvedbo in su\u0161ilnik, ki ga je poimenoval Biosec, tr\u017eil.<\/div>\n<div>Tako se imenuje \u0161e danes.<\/div>\n<div>To, kar smo zdaj, dolgujemo njegovim daljnovidnim idejam, viziji prihodnosti in trmoglavosti, s katero je verjel ne le in ne toliko v izdelek, temve\u010d v \u017eivljenjsko filozofijo, posve\u010deno var\u010devanju z energijo, cenjenju naravnih izdelkov in zmanj\u0161evanju odpadkov.<\/div>\n<div>Vrednote, ki so danes povsem sodobne in jih sku\u0161amo spo\u0161tovati in upo\u0161tevati pri svojem vsakodnevnem delu.<\/div>\n<div>Prepri\u010dani smo, da lahko vsak, ki ga je poznal, potrdi mo\u010d Renatovih idej, vizije, strasti in globoke \u010dlove\u010dnosti.<\/div>\n<div>Njegove lastnosti so bile in vedno bodo na\u0161 temelj.<\/div>\n<div>Zahvaljujemo se vam.<\/div>\n<div>Livio in celotna ekipa Tauro<\/div>\n<div><\/div>\n<div><\/div>\n<div>Tauro osebje<\/div>\n<div><\/div>","protected":false},"excerpt":{"rendered":"<p>Metti un BIOSEC sotto l&#8217;Albero. SCOPRI QUI le promozioni di Natale! Gli sconti Black Friday sono qui! \u00a0 Clicca\u00a0per\u00a0non perderli \u2192 25.02.2022 Oggi per la Tauro \u00e8 un giorno molto speciale e difficile. Ci ha lasciato Renato Zanon Santon, padre di Livio e storico fondatore dell\u2019azienda. Renato ide\u00f2, progett\u00f2 sulla carta e realizz\u00f2 il primo [&hellip;]<\/p>","protected":false},"author":1,"featured_media":155543,"comment_status":"closed","ping_status":"open","sticky":false,"template":"","format":"standard","meta":{"footnotes":""},"categories":[1],"tags":[],"class_list":["post-155537","post","type-post","status-publish","format-standard","has-post-thumbnail","hentry","category-senza-categoria"],"acf":[],"yoast_head":"<!-- This site is optimized with the Yoast SEO plugin v20.10 - https:\/\/yoast.com\/wordpress\/plugins\/seo\/ -->\n<title>Grazie Renato - Tauro Essiccatori<\/title>\n<meta name=\"robots\" content=\"noindex, follow, max-snippet:-1, max-image-preview:large, max-video-preview:-1\" \/>\n<meta property=\"og:locale\" content=\"sl_SI\" \/>\n<meta property=\"og:type\" content=\"article\" \/>\n<meta property=\"og:title\" content=\"Grazie Renato - Tauro Essiccatori\" \/>\n<meta property=\"og:description\" content=\"Metti un BIOSEC sotto l&#039;Albero. SCOPRI QUI le promozioni di Natale! Gli sconti Black Friday sono qui! \u00a0 Clicca\u00a0per\u00a0non perderli \u2192 25.02.2022 Oggi per la Tauro \u00e8 un giorno molto speciale e difficile. Ci ha lasciato Renato Zanon Santon, padre di Livio e storico fondatore dell\u2019azienda. Renato ide\u00f2, progett\u00f2 sulla carta e realizz\u00f2 il primo [&hellip;]\" \/>\n<meta property=\"og:url\" content=\"https:\/\/stor51.tauroessiccatori.com\/sl\/2022\/02\/25\/hvala-renato\/\" \/>\n<meta property=\"og:site_name\" content=\"Tauro Essiccatori\" \/>\n<meta property=\"article:publisher\" content=\"https:\/\/www.facebook.com\/TauroEssiccatori\/\" \/>\n<meta property=\"article:published_time\" content=\"2022-02-25T15:58:05+00:00\" \/>\n<meta property=\"article:modified_time\" content=\"2022-02-28T11:09:28+00:00\" \/>\n<meta property=\"og:image\" content=\"https:\/\/stor51.tauroessiccatori.com\/wp-assets\/uploads\/2022\/02\/1645472007681_mod-copia-1.jpg\" \/>\n\t<meta property=\"og:image:width\" content=\"485\" \/>\n\t<meta property=\"og:image:height\" content=\"273\" \/>\n\t<meta property=\"og:image:type\" content=\"image\/jpeg\" \/>\n<meta name=\"author\" content=\"Tauro Admin\" \/>\n<meta name=\"twitter:card\" content=\"summary_large_image\" \/>\n<meta name=\"twitter:label1\" content=\"Written by\" \/>\n\t<meta name=\"twitter:data1\" content=\"Tauro Admin\" \/>\n\t<meta name=\"twitter:label2\" content=\"Est. reading time\" \/>\n\t<meta name=\"twitter:data2\" content=\"1 minuta\" \/>\n<script type=\"application\/ld+json\" class=\"yoast-schema-graph\">{\"@context\":\"https:\/\/schema.org\",\"@graph\":[{\"@type\":\"Article\",\"@id\":\"https:\/\/stor51.tauroessiccatori.com\/2022\/02\/25\/grazie-renato\/#article\",\"isPartOf\":{\"@id\":\"https:\/\/stor51.tauroessiccatori.com\/2022\/02\/25\/grazie-renato\/\"},\"author\":{\"name\":\"Tauro Admin\",\"@id\":\"https:\/\/stor51.tauroessiccatori.com\/#\/schema\/person\/03c0696dc21f13e9b54b8b1ae60de53f\"},\"headline\":\"Grazie Renato\",\"datePublished\":\"2022-02-25T15:58:05+00:00\",\"dateModified\":\"2022-02-28T11:09:28+00:00\",\"mainEntityOfPage\":{\"@id\":\"https:\/\/stor51.tauroessiccatori.com\/2022\/02\/25\/grazie-renato\/\"},\"wordCount\":212,\"publisher\":{\"@id\":\"https:\/\/stor51.tauroessiccatori.com\/#organization\"},\"articleSection\":[\"Senza categoria\"],\"inLanguage\":\"sl-SI\"},{\"@type\":\"WebPage\",\"@id\":\"https:\/\/stor51.tauroessiccatori.com\/2022\/02\/25\/grazie-renato\/\",\"url\":\"https:\/\/stor51.tauroessiccatori.com\/2022\/02\/25\/grazie-renato\/\",\"name\":\"Grazie Renato - Tauro Essiccatori\",\"isPartOf\":{\"@id\":\"https:\/\/stor51.tauroessiccatori.com\/#website\"},\"datePublished\":\"2022-02-25T15:58:05+00:00\",\"dateModified\":\"2022-02-28T11:09:28+00:00\",\"breadcrumb\":{\"@id\":\"https:\/\/stor51.tauroessiccatori.com\/2022\/02\/25\/grazie-renato\/#breadcrumb\"},\"inLanguage\":\"sl-SI\",\"potentialAction\":[{\"@type\":\"ReadAction\",\"target\":[\"https:\/\/stor51.tauroessiccatori.com\/2022\/02\/25\/grazie-renato\/\"]}]},{\"@type\":\"BreadcrumbList\",\"@id\":\"https:\/\/stor51.tauroessiccatori.com\/2022\/02\/25\/grazie-renato\/#breadcrumb\",\"itemListElement\":[{\"@type\":\"ListItem\",\"position\":1,\"name\":\"Home\",\"item\":\"https:\/\/stor51.tauroessiccatori.com\/\"},{\"@type\":\"ListItem\",\"position\":2,\"name\":\"Grazie Renato\"}]},{\"@type\":\"WebSite\",\"@id\":\"https:\/\/stor51.tauroessiccatori.com\/#website\",\"url\":\"https:\/\/stor51.tauroessiccatori.com\/\",\"name\":\"Tauro Essiccatori\",\"description\":\"Welcome to Tauro Essiccatori online shop\",\"publisher\":{\"@id\":\"https:\/\/stor51.tauroessiccatori.com\/#organization\"},\"potentialAction\":[{\"@type\":\"SearchAction\",\"target\":{\"@type\":\"EntryPoint\",\"urlTemplate\":\"https:\/\/stor51.tauroessiccatori.com\/?s={search_term_string}\"},\"query-input\":\"required name=search_term_string\"}],\"inLanguage\":\"sl-SI\"},{\"@type\":\"Organization\",\"@id\":\"https:\/\/stor51.tauroessiccatori.com\/#organization\",\"name\":\"Tauro Essiccatori\",\"url\":\"https:\/\/stor51.tauroessiccatori.com\/\",\"logo\":{\"@type\":\"ImageObject\",\"inLanguage\":\"sl-SI\",\"@id\":\"https:\/\/stor51.tauroessiccatori.com\/#\/schema\/logo\/image\/\",\"url\":\"https:\/\/www.tauroessiccatori.com\/wp-assets\/uploads\/2017\/07\/logo_tauro_500x109px.png\",\"contentUrl\":\"https:\/\/www.tauroessiccatori.com\/wp-assets\/uploads\/2017\/07\/logo_tauro_500x109px.png\",\"width\":500,\"height\":109,\"caption\":\"Tauro Essiccatori\"},\"image\":{\"@id\":\"https:\/\/stor51.tauroessiccatori.com\/#\/schema\/logo\/image\/\"},\"sameAs\":[\"https:\/\/www.facebook.com\/TauroEssiccatori\/\",\"https:\/\/www.instagram.com\/tauro_essiccatori\/\",\"https:\/\/it.linkedin.com\/company\/tauro-essiccatori\",\"https:\/\/www.youtube.com\/user\/tauroessiccatori\"]},{\"@type\":\"Person\",\"@id\":\"https:\/\/stor51.tauroessiccatori.com\/#\/schema\/person\/03c0696dc21f13e9b54b8b1ae60de53f\",\"name\":\"Tauro Admin\",\"image\":{\"@type\":\"ImageObject\",\"inLanguage\":\"sl-SI\",\"@id\":\"https:\/\/stor51.tauroessiccatori.com\/#\/schema\/person\/image\/\",\"url\":\"https:\/\/secure.gravatar.com\/avatar\/948b1337cb044a83aa6474b5005f4ccb?s=96&d=mm&r=g\",\"contentUrl\":\"https:\/\/secure.gravatar.com\/avatar\/948b1337cb044a83aa6474b5005f4ccb?s=96&d=mm&r=g\",\"caption\":\"Tauro Admin\"}}]}<\/script>\n<!-- \/ Yoast SEO plugin. -->","yoast_head_json":{"title":"Grazie Renato - Tauro Essiccatori","robots":{"index":"noindex","follow":"follow","max-snippet":"max-snippet:-1","max-image-preview":"max-image-preview:large","max-video-preview":"max-video-preview:-1"},"og_locale":"sl_SI","og_type":"article","og_title":"Grazie Renato - Tauro Essiccatori","og_description":"Metti un BIOSEC sotto l'Albero. SCOPRI QUI le promozioni di Natale! Gli sconti Black Friday sono qui! \u00a0 Clicca\u00a0per\u00a0non perderli \u2192 25.02.2022 Oggi per la Tauro \u00e8 un giorno molto speciale e difficile. Ci ha lasciato Renato Zanon Santon, padre di Livio e storico fondatore dell\u2019azienda. Renato ide\u00f2, progett\u00f2 sulla carta e realizz\u00f2 il primo [&hellip;]","og_url":"https:\/\/stor51.tauroessiccatori.com\/sl\/2022\/02\/25\/hvala-renato\/","og_site_name":"Tauro Essiccatori","article_publisher":"https:\/\/www.facebook.com\/TauroEssiccatori\/","article_published_time":"2022-02-25T15:58:05+00:00","article_modified_time":"2022-02-28T11:09:28+00:00","og_image":[{"width":485,"height":273,"url":"https:\/\/stor51.tauroessiccatori.com\/wp-assets\/uploads\/2022\/02\/1645472007681_mod-copia-1.jpg","type":"image\/jpeg"}],"author":"Tauro Admin","twitter_card":"summary_large_image","twitter_misc":{"Written by":"Tauro Admin","Est. reading time":"1 minuta"},"schema":{"@context":"https:\/\/schema.org","@graph":[{"@type":"Article","@id":"https:\/\/stor51.tauroessiccatori.com\/2022\/02\/25\/grazie-renato\/#article","isPartOf":{"@id":"https:\/\/stor51.tauroessiccatori.com\/2022\/02\/25\/grazie-renato\/"},"author":{"name":"Tauro Admin","@id":"https:\/\/stor51.tauroessiccatori.com\/#\/schema\/person\/03c0696dc21f13e9b54b8b1ae60de53f"},"headline":"Grazie Renato","datePublished":"2022-02-25T15:58:05+00:00","dateModified":"2022-02-28T11:09:28+00:00","mainEntityOfPage":{"@id":"https:\/\/stor51.tauroessiccatori.com\/2022\/02\/25\/grazie-renato\/"},"wordCount":212,"publisher":{"@id":"https:\/\/stor51.tauroessiccatori.com\/#organization"},"articleSection":["Senza categoria"],"inLanguage":"sl-SI"},{"@type":"WebPage","@id":"https:\/\/stor51.tauroessiccatori.com\/2022\/02\/25\/grazie-renato\/","url":"https:\/\/stor51.tauroessiccatori.com\/2022\/02\/25\/grazie-renato\/","name":"Grazie Renato - Tauro Essiccatori","isPartOf":{"@id":"https:\/\/stor51.tauroessiccatori.com\/#website"},"datePublished":"2022-02-25T15:58:05+00:00","dateModified":"2022-02-28T11:09:28+00:00","breadcrumb":{"@id":"https:\/\/stor51.tauroessiccatori.com\/2022\/02\/25\/grazie-renato\/#breadcrumb"},"inLanguage":"sl-SI","potentialAction":[{"@type":"ReadAction","target":["https:\/\/stor51.tauroessiccatori.com\/2022\/02\/25\/grazie-renato\/"]}]},{"@type":"BreadcrumbList","@id":"https:\/\/stor51.tauroessiccatori.com\/2022\/02\/25\/grazie-renato\/#breadcrumb","itemListElement":[{"@type":"ListItem","position":1,"name":"Home","item":"https:\/\/stor51.tauroessiccatori.com\/"},{"@type":"ListItem","position":2,"name":"Grazie Renato"}]},{"@type":"WebSite","@id":"https:\/\/stor51.tauroessiccatori.com\/#website","url":"https:\/\/stor51.tauroessiccatori.com\/","name":"Tauro Essiccatori","description":"Welcome to Tauro Essiccatori online shop","publisher":{"@id":"https:\/\/stor51.tauroessiccatori.com\/#organization"},"potentialAction":[{"@type":"SearchAction","target":{"@type":"EntryPoint","urlTemplate":"https:\/\/stor51.tauroessiccatori.com\/?s={search_term_string}"},"query-input":"required name=search_term_string"}],"inLanguage":"sl-SI"},{"@type":"Organization","@id":"https:\/\/stor51.tauroessiccatori.com\/#organization","name":"Tauro Essiccatori","url":"https:\/\/stor51.tauroessiccatori.com\/","logo":{"@type":"ImageObject","inLanguage":"sl-SI","@id":"https:\/\/stor51.tauroessiccatori.com\/#\/schema\/logo\/image\/","url":"https:\/\/www.tauroessiccatori.com\/wp-assets\/uploads\/2017\/07\/logo_tauro_500x109px.png","contentUrl":"https:\/\/www.tauroessiccatori.com\/wp-assets\/uploads\/2017\/07\/logo_tauro_500x109px.png","width":500,"height":109,"caption":"Tauro Essiccatori"},"image":{"@id":"https:\/\/stor51.tauroessiccatori.com\/#\/schema\/logo\/image\/"},"sameAs":["https:\/\/www.facebook.com\/TauroEssiccatori\/","https:\/\/www.instagram.com\/tauro_essiccatori\/","https:\/\/it.linkedin.com\/company\/tauro-essiccatori","https:\/\/www.youtube.com\/user\/tauroessiccatori"]},{"@type":"Person","@id":"https:\/\/stor51.tauroessiccatori.com\/#\/schema\/person\/03c0696dc21f13e9b54b8b1ae60de53f","name":"Tauro Admin","image":{"@type":"ImageObject","inLanguage":"sl-SI","@id":"https:\/\/stor51.tauroessiccatori.com\/#\/schema\/person\/image\/","url":"https:\/\/secure.gravatar.com\/avatar\/948b1337cb044a83aa6474b5005f4ccb?s=96&d=mm&r=g","contentUrl":"https:\/\/secure.gravatar.com\/avatar\/948b1337cb044a83aa6474b5005f4ccb?s=96&d=mm&r=g","caption":"Tauro Admin"}}]}},"_links":{"self":[{"href":"https:\/\/stor51.tauroessiccatori.com\/sl\/wp-json\/wp\/v2\/posts\/155537"}],"collection":[{"href":"https:\/\/stor51.tauroessiccatori.com\/sl\/wp-json\/wp\/v2\/posts"}],"about":[{"href":"https:\/\/stor51.tauroessiccatori.com\/sl\/wp-json\/wp\/v2\/types\/post"}],"author":[{"embeddable":true,"href":"https:\/\/stor51.tauroessiccatori.com\/sl\/wp-json\/wp\/v2\/users\/1"}],"replies":[{"embeddable":true,"href":"https:\/\/stor51.tauroessiccatori.com\/sl\/wp-json\/wp\/v2\/comments?post=155537"}],"version-history":[{"count":8,"href":"https:\/\/stor51.tauroessiccatori.com\/sl\/wp-json\/wp\/v2\/posts\/155537\/revisions"}],"predecessor-version":[{"id":155706,"href":"https:\/\/stor51.tauroessiccatori.com\/sl\/wp-json\/wp\/v2\/posts\/155537\/revisions\/155706"}],"wp:featuredmedia":[{"embeddable":true,"href":"https:\/\/stor51.tauroessiccatori.com\/sl\/wp-json\/wp\/v2\/media\/155543"}],"wp:attachment":[{"href":"https:\/\/stor51.tauroessiccatori.com\/sl\/wp-json\/wp\/v2\/media?parent=155537"}],"wp:term":[{"taxonomy":"category","embeddable":true,"href":"https:\/\/stor51.tauroessiccatori.com\/sl\/wp-json\/wp\/v2\/categories?post=155537"},{"taxonomy":"post_tag","embeddable":true,"href":"https:\/\/stor51.tauroessiccatori.com\/sl\/wp-json\/wp\/v2\/tags?post=155537"}],"curies":[{"name":"wp","href":"https:\/\/api.w.org\/{rel}","templated":true}]}}