


{"id":20122,"date":"2020-03-18T11:57:42","date_gmt":"2020-03-18T10:57:42","guid":{"rendered":"https:\/\/www.tauroessiccatori.com\/?p=20122\/"},"modified":"2020-03-20T18:13:15","modified_gmt":"2020-03-20T17:13:15","slug":"modalita-operative-durante-emergenza-covid-19","status":"publish","type":"post","link":"https:\/\/stor51.tauroessiccatori.com\/ro\/2020\/03\/18\/moduri-de-functionare-in-timpul-situatiei-de-urgenta-covid-19\/","title":{"rendered":"Moduri de func\u021bionare \u00een timpul urgen\u021bei Covid-19"},"content":{"rendered":"<div class=\"tauro-banners\"><div class=\"banner-00\" style=\"background-color: #852035\">\r\n<div class=\"ix-xmas-box-other\" style=\"font-size: 18px;padding: 7px 0;margin: 0 auto 0px auto\" align=\"center\"><b style=\"color: #fff;font-size: 18px\">Pune\u021bi un BIOSEC sub copac. <a style=\"color: #f8cc89;font-weight: bold;text-decoration: none;font-size: 18px\" href=\"https:\/\/www.tauroessiccatori.com\/christmas-2024\/\">DESCOPER\u0102 AICI<\/a> Promo\u021bii de Cr\u0103ciun!<\/b><\/div>\r\n<\/div><div class=\"banner-00\" style=\"background-color: #000\">\r\n<div class=\"ix-xmas-box-other\" style=\"font-size: 18px;padding: 7px 0;margin: 0 auto 0px auto\" align=\"center\"><b style=\"color: #fff\"> Reducerile de Black Friday sunt aici! \u00a0 <a style=\"color: #f77209;font-weight: bold;text-decoration: none\" href=\"https:\/\/www.tauroessiccatori.com\/black-friday-2024\/\"> Face\u021bi clic pentru a nu le pierde \u2192 <\/a>\r\n<\/b><\/div>\r\n<\/div><\/div><h3 style=\"text-align: center\"><strong>INFORMA\u021aII IMPORTANTE PENTRU TO\u021aI CLIEN\u021aII NO\u0218TRI<\/strong><\/h3>\n<div><\/div>\n<p>&nbsp;<\/p>\n<div><\/div>\n<div>Dorim s\u0103 v\u0103 inform\u0103m c\u0103 Tauro respect\u0103 \u0219i ea\u00a0<b>directive\u00a0<\/b>\u0219i\u00a0<b>standarde\u00a0<\/b>m\u0103suri de securitate pentru a stopa r\u0103sp\u00e2ndirea \u0219i contagiunea virusului Corona. \u00cen ciuda acestui fapt, cu o munc\u0103 inteligent\u0103 \u0219i o prezen\u021b\u0103 de gard\u0103 acolo unde este strict necesar, echipa noastr\u0103 de\u00a0<b>companie\u00a0<\/b>r\u0103m\u00e2ne\u00a0<b>deschis\u00a0<\/b>pentru a asigura operabilitatea \u0219i\u00a0<b>transporturi<\/b>de \u00een\u021beles, cu o elasticitate mai mare datorit\u0103 situa\u021biei.<\/div>\n<div><\/div>\n<div><\/div>\n<div>De asemenea, unele zone, cele mai afectate, nu sunt deservite de curieri \u00een mod regulat \u00een acest moment. Lista de localit\u0103\u021bi se schimb\u0103 \u00een mod constant \u0219i nu poate fi prev\u0103zut\u0103 \u00een avans. \u00cen cazul \u00een care ne este imposibil s\u0103 efectu\u0103m un transport, vom contacta destinatarul \u0219i vom conveni asupra celei mai bune solu\u021bii.<\/div>\n<div><\/div>\n<div><\/div>\n<div>The\u00a0<b>central\u0103 telefonic\u0103\u00a0<\/b>r\u0103m\u00e2ne\u021bi\u00a0<b>deschis\u00a0<\/b>pentru a primi\u00a0<b>apeluri telefonice\u00a0<\/b>De luni p\u00e2n\u0103 vineri, \u00eentre orele 9.00 \u0219i 12.30, iar dup\u0103-amiaza doar pentru urgen\u021be.<\/div>\n<div>Pute\u021bi oric\u00e2nd\u00a0<b>scrie\u021bi-ne\u00a0<\/b>via\u00a0<b>e-mail<\/b>la <a href=\"mailto:clienti@tauroessiccatori.com\">clienti@tauroessiccatori.com<\/a>at\u00e2t pentru informa\u021bii, c\u00e2t \u0219i pentru comenzi; vom r\u0103spunde rapid la toate solicit\u0103rile dumneavoastr\u0103.<\/div>\n<div><\/div>\n<div><\/div>\n<div>De asemenea, garant\u0103m\u00a0<b>securitate\u00a0<\/b>a noastr\u0103\u00a0<b>parcele<\/b>Operatorii de ambalare sunt proteja\u021bi cu m\u0103\u0219ti \u0219i m\u0103nu\u0219i, pentru s\u0103n\u0103tatea lor \u0219i a dumneavoastr\u0103. Cu toate acestea, studiile \u0219tiin\u021bifice garanteaz\u0103 c\u0103 virusul nu supravie\u021buie\u0219te \u00een timpul transportului, astfel \u00eenc\u00e2t pute\u021bi primi \u0219i deschide coletul \u00een lini\u0219te.<\/div>\n<div><\/div>\n<div><\/div>\n<div>Dorindu-v\u0103 o revenire c\u00e2t mai rapid\u0103 la normalitate, v\u0103 transmitem calde salut\u0103ri!<\/div>\n<div><\/div>\n<div><\/div>\n<div>Personalul Tauro<\/div>\n<div><\/div>","protected":false},"excerpt":{"rendered":"<p>Metti un BIOSEC sotto l&#8217;Albero. SCOPRI QUI le promozioni di Natale! Gli sconti Black Friday sono qui! \u00a0 Clicca\u00a0per\u00a0non perderli \u2192 INFORMAZIONE IMPORTANTE PER TUTTI I NOSTRI CLIENTI &nbsp; Ci teniamo a comunicarvi che anche Tauro sta rispettando le\u00a0direttive\u00a0e le\u00a0norme\u00a0di sicurezza per arginare la diffusione e il contagio da Corona virus. Nonostante questo, con modalit\u00e0 [&hellip;]<\/p>","protected":false},"author":431,"featured_media":20144,"comment_status":"closed","ping_status":"open","sticky":false,"template":"","format":"standard","meta":{"footnotes":""},"categories":[1],"tags":[],"class_list":["post-20122","post","type-post","status-publish","format-standard","has-post-thumbnail","hentry","category-senza-categoria"],"acf":[],"yoast_head":"<!-- This site is optimized with the Yoast SEO plugin v20.10 - https:\/\/yoast.com\/wordpress\/plugins\/seo\/ -->\n<title>Modalit\u00e0 operative durante emergenza Covid-19 - Tauro Essiccatori<\/title>\n<meta name=\"robots\" content=\"noindex, follow, max-snippet:-1, max-image-preview:large, max-video-preview:-1\" \/>\n<meta property=\"og:locale\" content=\"ro_RO\" \/>\n<meta property=\"og:type\" content=\"article\" \/>\n<meta property=\"og:title\" content=\"Modalit\u00e0 operative durante emergenza Covid-19 - Tauro Essiccatori\" \/>\n<meta property=\"og:description\" content=\"Metti un BIOSEC sotto l&#039;Albero. SCOPRI QUI le promozioni di Natale! Gli sconti Black Friday sono qui! \u00a0 Clicca\u00a0per\u00a0non perderli \u2192 INFORMAZIONE IMPORTANTE PER TUTTI I NOSTRI CLIENTI &nbsp; Ci teniamo a comunicarvi che anche Tauro sta rispettando le\u00a0direttive\u00a0e le\u00a0norme\u00a0di sicurezza per arginare la diffusione e il contagio da Corona virus. Nonostante questo, con modalit\u00e0 [&hellip;]\" \/>\n<meta property=\"og:url\" content=\"https:\/\/stor51.tauroessiccatori.com\/ro\/2020\/03\/18\/moduri-de-functionare-in-timpul-situatiei-de-urgenta-covid-19\/\" \/>\n<meta property=\"og:site_name\" content=\"Tauro Essiccatori\" \/>\n<meta property=\"article:publisher\" content=\"https:\/\/www.facebook.com\/TauroEssiccatori\/\" \/>\n<meta property=\"article:published_time\" content=\"2020-03-18T10:57:42+00:00\" \/>\n<meta property=\"article:modified_time\" content=\"2020-03-20T17:13:15+00:00\" \/>\n<meta property=\"og:image\" content=\"https:\/\/stor51.tauroessiccatori.com\/wp-assets\/uploads\/2020\/03\/coronavirus-prevenzione-norme-igieniche.jpg\" \/>\n\t<meta property=\"og:image:width\" content=\"1280\" \/>\n\t<meta property=\"og:image:height\" content=\"720\" \/>\n\t<meta property=\"og:image:type\" content=\"image\/jpeg\" \/>\n<meta name=\"author\" content=\"elisa\" \/>\n<meta name=\"twitter:card\" content=\"summary_large_image\" \/>\n<meta name=\"twitter:label1\" content=\"Written by\" \/>\n\t<meta name=\"twitter:data1\" content=\"elisa\" \/>\n\t<meta name=\"twitter:label2\" content=\"Est. reading time\" \/>\n\t<meta name=\"twitter:data2\" content=\"1 minut\" \/>\n<script type=\"application\/ld+json\" class=\"yoast-schema-graph\">{\"@context\":\"https:\/\/schema.org\",\"@graph\":[{\"@type\":\"Article\",\"@id\":\"https:\/\/stor51.tauroessiccatori.com\/2020\/03\/18\/modalita-operative-durante-emergenza-covid-19\/#article\",\"isPartOf\":{\"@id\":\"https:\/\/stor51.tauroessiccatori.com\/2020\/03\/18\/modalita-operative-durante-emergenza-covid-19\/\"},\"author\":{\"name\":\"elisa\",\"@id\":\"https:\/\/stor51.tauroessiccatori.com\/#\/schema\/person\/4e9a2ddcc9501983327a35b418e6219d\"},\"headline\":\"Modalit\u00e0 operative durante emergenza Covid-19\",\"datePublished\":\"2020-03-18T10:57:42+00:00\",\"dateModified\":\"2020-03-20T17:13:15+00:00\",\"mainEntityOfPage\":{\"@id\":\"https:\/\/stor51.tauroessiccatori.com\/2020\/03\/18\/modalita-operative-durante-emergenza-covid-19\/\"},\"wordCount\":228,\"publisher\":{\"@id\":\"https:\/\/stor51.tauroessiccatori.com\/#organization\"},\"articleSection\":[\"Senza categoria\"],\"inLanguage\":\"ro-RO\"},{\"@type\":\"WebPage\",\"@id\":\"https:\/\/stor51.tauroessiccatori.com\/2020\/03\/18\/modalita-operative-durante-emergenza-covid-19\/\",\"url\":\"https:\/\/stor51.tauroessiccatori.com\/2020\/03\/18\/modalita-operative-durante-emergenza-covid-19\/\",\"name\":\"Modalit\u00e0 operative durante emergenza Covid-19 - Tauro Essiccatori\",\"isPartOf\":{\"@id\":\"https:\/\/stor51.tauroessiccatori.com\/#website\"},\"datePublished\":\"2020-03-18T10:57:42+00:00\",\"dateModified\":\"2020-03-20T17:13:15+00:00\",\"breadcrumb\":{\"@id\":\"https:\/\/stor51.tauroessiccatori.com\/2020\/03\/18\/modalita-operative-durante-emergenza-covid-19\/#breadcrumb\"},\"inLanguage\":\"ro-RO\",\"potentialAction\":[{\"@type\":\"ReadAction\",\"target\":[\"https:\/\/stor51.tauroessiccatori.com\/2020\/03\/18\/modalita-operative-durante-emergenza-covid-19\/\"]}]},{\"@type\":\"BreadcrumbList\",\"@id\":\"https:\/\/stor51.tauroessiccatori.com\/2020\/03\/18\/modalita-operative-durante-emergenza-covid-19\/#breadcrumb\",\"itemListElement\":[{\"@type\":\"ListItem\",\"position\":1,\"name\":\"Home\",\"item\":\"https:\/\/stor51.tauroessiccatori.com\/\"},{\"@type\":\"ListItem\",\"position\":2,\"name\":\"Modalit\u00e0 operative durante emergenza Covid-19\"}]},{\"@type\":\"WebSite\",\"@id\":\"https:\/\/stor51.tauroessiccatori.com\/#website\",\"url\":\"https:\/\/stor51.tauroessiccatori.com\/\",\"name\":\"Tauro Essiccatori\",\"description\":\"Welcome to Tauro Essiccatori online shop\",\"publisher\":{\"@id\":\"https:\/\/stor51.tauroessiccatori.com\/#organization\"},\"potentialAction\":[{\"@type\":\"SearchAction\",\"target\":{\"@type\":\"EntryPoint\",\"urlTemplate\":\"https:\/\/stor51.tauroessiccatori.com\/?s={search_term_string}\"},\"query-input\":\"required name=search_term_string\"}],\"inLanguage\":\"ro-RO\"},{\"@type\":\"Organization\",\"@id\":\"https:\/\/stor51.tauroessiccatori.com\/#organization\",\"name\":\"Tauro Essiccatori\",\"url\":\"https:\/\/stor51.tauroessiccatori.com\/\",\"logo\":{\"@type\":\"ImageObject\",\"inLanguage\":\"ro-RO\",\"@id\":\"https:\/\/stor51.tauroessiccatori.com\/#\/schema\/logo\/image\/\",\"url\":\"https:\/\/www.tauroessiccatori.com\/wp-assets\/uploads\/2017\/07\/logo_tauro_500x109px.png\",\"contentUrl\":\"https:\/\/www.tauroessiccatori.com\/wp-assets\/uploads\/2017\/07\/logo_tauro_500x109px.png\",\"width\":500,\"height\":109,\"caption\":\"Tauro Essiccatori\"},\"image\":{\"@id\":\"https:\/\/stor51.tauroessiccatori.com\/#\/schema\/logo\/image\/\"},\"sameAs\":[\"https:\/\/www.facebook.com\/TauroEssiccatori\/\",\"https:\/\/www.instagram.com\/tauro_essiccatori\/\",\"https:\/\/it.linkedin.com\/company\/tauro-essiccatori\",\"https:\/\/www.youtube.com\/user\/tauroessiccatori\"]},{\"@type\":\"Person\",\"@id\":\"https:\/\/stor51.tauroessiccatori.com\/#\/schema\/person\/4e9a2ddcc9501983327a35b418e6219d\",\"name\":\"elisa\",\"image\":{\"@type\":\"ImageObject\",\"inLanguage\":\"ro-RO\",\"@id\":\"https:\/\/stor51.tauroessiccatori.com\/#\/schema\/person\/image\/\",\"url\":\"https:\/\/secure.gravatar.com\/avatar\/886dbd102faf4105bb4911214488ca76?s=96&d=mm&r=g\",\"contentUrl\":\"https:\/\/secure.gravatar.com\/avatar\/886dbd102faf4105bb4911214488ca76?s=96&d=mm&r=g\",\"caption\":\"elisa\"}}]}<\/script>\n<!-- \/ Yoast SEO plugin. -->","yoast_head_json":{"title":"Modalit\u00e0 operative durante emergenza Covid-19 - Tauro Essiccatori","robots":{"index":"noindex","follow":"follow","max-snippet":"max-snippet:-1","max-image-preview":"max-image-preview:large","max-video-preview":"max-video-preview:-1"},"og_locale":"ro_RO","og_type":"article","og_title":"Modalit\u00e0 operative durante emergenza Covid-19 - Tauro Essiccatori","og_description":"Metti un BIOSEC sotto l'Albero. SCOPRI QUI le promozioni di Natale! Gli sconti Black Friday sono qui! \u00a0 Clicca\u00a0per\u00a0non perderli \u2192 INFORMAZIONE IMPORTANTE PER TUTTI I NOSTRI CLIENTI &nbsp; Ci teniamo a comunicarvi che anche Tauro sta rispettando le\u00a0direttive\u00a0e le\u00a0norme\u00a0di sicurezza per arginare la diffusione e il contagio da Corona virus. Nonostante questo, con modalit\u00e0 [&hellip;]","og_url":"https:\/\/stor51.tauroessiccatori.com\/ro\/2020\/03\/18\/moduri-de-functionare-in-timpul-situatiei-de-urgenta-covid-19\/","og_site_name":"Tauro Essiccatori","article_publisher":"https:\/\/www.facebook.com\/TauroEssiccatori\/","article_published_time":"2020-03-18T10:57:42+00:00","article_modified_time":"2020-03-20T17:13:15+00:00","og_image":[{"width":1280,"height":720,"url":"https:\/\/stor51.tauroessiccatori.com\/wp-assets\/uploads\/2020\/03\/coronavirus-prevenzione-norme-igieniche.jpg","type":"image\/jpeg"}],"author":"elisa","twitter_card":"summary_large_image","twitter_misc":{"Written by":"elisa","Est. reading time":"1 minut"},"schema":{"@context":"https:\/\/schema.org","@graph":[{"@type":"Article","@id":"https:\/\/stor51.tauroessiccatori.com\/2020\/03\/18\/modalita-operative-durante-emergenza-covid-19\/#article","isPartOf":{"@id":"https:\/\/stor51.tauroessiccatori.com\/2020\/03\/18\/modalita-operative-durante-emergenza-covid-19\/"},"author":{"name":"elisa","@id":"https:\/\/stor51.tauroessiccatori.com\/#\/schema\/person\/4e9a2ddcc9501983327a35b418e6219d"},"headline":"Modalit\u00e0 operative durante emergenza Covid-19","datePublished":"2020-03-18T10:57:42+00:00","dateModified":"2020-03-20T17:13:15+00:00","mainEntityOfPage":{"@id":"https:\/\/stor51.tauroessiccatori.com\/2020\/03\/18\/modalita-operative-durante-emergenza-covid-19\/"},"wordCount":228,"publisher":{"@id":"https:\/\/stor51.tauroessiccatori.com\/#organization"},"articleSection":["Senza categoria"],"inLanguage":"ro-RO"},{"@type":"WebPage","@id":"https:\/\/stor51.tauroessiccatori.com\/2020\/03\/18\/modalita-operative-durante-emergenza-covid-19\/","url":"https:\/\/stor51.tauroessiccatori.com\/2020\/03\/18\/modalita-operative-durante-emergenza-covid-19\/","name":"Modalit\u00e0 operative durante emergenza Covid-19 - Tauro Essiccatori","isPartOf":{"@id":"https:\/\/stor51.tauroessiccatori.com\/#website"},"datePublished":"2020-03-18T10:57:42+00:00","dateModified":"2020-03-20T17:13:15+00:00","breadcrumb":{"@id":"https:\/\/stor51.tauroessiccatori.com\/2020\/03\/18\/modalita-operative-durante-emergenza-covid-19\/#breadcrumb"},"inLanguage":"ro-RO","potentialAction":[{"@type":"ReadAction","target":["https:\/\/stor51.tauroessiccatori.com\/2020\/03\/18\/modalita-operative-durante-emergenza-covid-19\/"]}]},{"@type":"BreadcrumbList","@id":"https:\/\/stor51.tauroessiccatori.com\/2020\/03\/18\/modalita-operative-durante-emergenza-covid-19\/#breadcrumb","itemListElement":[{"@type":"ListItem","position":1,"name":"Home","item":"https:\/\/stor51.tauroessiccatori.com\/"},{"@type":"ListItem","position":2,"name":"Modalit\u00e0 operative durante emergenza Covid-19"}]},{"@type":"WebSite","@id":"https:\/\/stor51.tauroessiccatori.com\/#website","url":"https:\/\/stor51.tauroessiccatori.com\/","name":"Tauro Essiccatori","description":"Welcome to Tauro Essiccatori online shop","publisher":{"@id":"https:\/\/stor51.tauroessiccatori.com\/#organization"},"potentialAction":[{"@type":"SearchAction","target":{"@type":"EntryPoint","urlTemplate":"https:\/\/stor51.tauroessiccatori.com\/?s={search_term_string}"},"query-input":"required name=search_term_string"}],"inLanguage":"ro-RO"},{"@type":"Organization","@id":"https:\/\/stor51.tauroessiccatori.com\/#organization","name":"Tauro Essiccatori","url":"https:\/\/stor51.tauroessiccatori.com\/","logo":{"@type":"ImageObject","inLanguage":"ro-RO","@id":"https:\/\/stor51.tauroessiccatori.com\/#\/schema\/logo\/image\/","url":"https:\/\/www.tauroessiccatori.com\/wp-assets\/uploads\/2017\/07\/logo_tauro_500x109px.png","contentUrl":"https:\/\/www.tauroessiccatori.com\/wp-assets\/uploads\/2017\/07\/logo_tauro_500x109px.png","width":500,"height":109,"caption":"Tauro Essiccatori"},"image":{"@id":"https:\/\/stor51.tauroessiccatori.com\/#\/schema\/logo\/image\/"},"sameAs":["https:\/\/www.facebook.com\/TauroEssiccatori\/","https:\/\/www.instagram.com\/tauro_essiccatori\/","https:\/\/it.linkedin.com\/company\/tauro-essiccatori","https:\/\/www.youtube.com\/user\/tauroessiccatori"]},{"@type":"Person","@id":"https:\/\/stor51.tauroessiccatori.com\/#\/schema\/person\/4e9a2ddcc9501983327a35b418e6219d","name":"elisa","image":{"@type":"ImageObject","inLanguage":"ro-RO","@id":"https:\/\/stor51.tauroessiccatori.com\/#\/schema\/person\/image\/","url":"https:\/\/secure.gravatar.com\/avatar\/886dbd102faf4105bb4911214488ca76?s=96&d=mm&r=g","contentUrl":"https:\/\/secure.gravatar.com\/avatar\/886dbd102faf4105bb4911214488ca76?s=96&d=mm&r=g","caption":"elisa"}}]}},"_links":{"self":[{"href":"https:\/\/stor51.tauroessiccatori.com\/ro\/wp-json\/wp\/v2\/posts\/20122"}],"collection":[{"href":"https:\/\/stor51.tauroessiccatori.com\/ro\/wp-json\/wp\/v2\/posts"}],"about":[{"href":"https:\/\/stor51.tauroessiccatori.com\/ro\/wp-json\/wp\/v2\/types\/post"}],"author":[{"embeddable":true,"href":"https:\/\/stor51.tauroessiccatori.com\/ro\/wp-json\/wp\/v2\/users\/431"}],"replies":[{"embeddable":true,"href":"https:\/\/stor51.tauroessiccatori.com\/ro\/wp-json\/wp\/v2\/comments?post=20122"}],"version-history":[{"count":9,"href":"https:\/\/stor51.tauroessiccatori.com\/ro\/wp-json\/wp\/v2\/posts\/20122\/revisions"}],"predecessor-version":[{"id":20425,"href":"https:\/\/stor51.tauroessiccatori.com\/ro\/wp-json\/wp\/v2\/posts\/20122\/revisions\/20425"}],"wp:featuredmedia":[{"embeddable":true,"href":"https:\/\/stor51.tauroessiccatori.com\/ro\/wp-json\/wp\/v2\/media\/20144"}],"wp:attachment":[{"href":"https:\/\/stor51.tauroessiccatori.com\/ro\/wp-json\/wp\/v2\/media?parent=20122"}],"wp:term":[{"taxonomy":"category","embeddable":true,"href":"https:\/\/stor51.tauroessiccatori.com\/ro\/wp-json\/wp\/v2\/categories?post=20122"},{"taxonomy":"post_tag","embeddable":true,"href":"https:\/\/stor51.tauroessiccatori.com\/ro\/wp-json\/wp\/v2\/tags?post=20122"}],"curies":[{"name":"wp","href":"https:\/\/api.w.org\/{rel}","templated":true}]}}