


{"id":17168,"date":"2020-02-13T12:40:24","date_gmt":"2020-02-13T11:40:24","guid":{"rendered":"https:\/\/www.tauroessiccatori.com\/?p=17168\/"},"modified":"2020-03-05T09:35:38","modified_gmt":"2020-03-05T08:35:38","slug":"tauro-alla-fiera-di-vita-in-campagna-decima-edizione-27-29-marzo-2020","status":"publish","type":"post","link":"https:\/\/stor51.tauroessiccatori.com\/ro\/2020\/02\/13\/tauro-alla-fiera-di-vita-in-campagna-decima-edizione-27-29-marzo-2020\/","title":{"rendered":"27-29.03 | T\u00e2rgul Vita in Campagna suspendat"},"content":{"rendered":"<div class=\"tauro-banners\"><div class=\"banner-00\" style=\"background-color: #852035\">\r\n<div class=\"ix-xmas-box-other\" style=\"font-size: 18px;padding: 7px 0;margin: 0 auto 0px auto\" align=\"center\"><b style=\"color: #fff;font-size: 18px\">Pune\u021bi un BIOSEC sub copac. <a style=\"color: #f8cc89;font-weight: bold;text-decoration: none;font-size: 18px\" href=\"https:\/\/www.tauroessiccatori.com\/christmas-2024\/\">DESCOPER\u0102 AICI<\/a> Promo\u021bii de Cr\u0103ciun!<\/b><\/div>\r\n<\/div><div class=\"banner-00\" style=\"background-color: #000\">\r\n<div class=\"ix-xmas-box-other\" style=\"font-size: 18px;padding: 7px 0;margin: 0 auto 0px auto\" align=\"center\"><b style=\"color: #fff\"> Reducerile de Black Friday sunt aici! \u00a0 <a style=\"color: #f77209;font-weight: bold;text-decoration: none\" href=\"https:\/\/www.tauroessiccatori.com\/black-friday-2024\/\"> Face\u021bi clic pentru a nu le pierde \u2192 <\/a>\r\n<\/b><\/div>\r\n<\/div><\/div><p style=\"text-align: center\"><strong>COMUNICARE IMPORTANT\u0102\u00a0<\/strong><\/p>\n<p><em>Cu mare regret, trebuie s\u0103 v\u0103 inform\u0103m c\u0103 t\u00e2rgul Vita in campagna este suspendat, av\u00e2nd \u00een vedere ordinele actuale emise de Ministerul S\u0103n\u0103t\u0103\u021bii \u00een lumina situa\u021biei de urgen\u021b\u0103 COVID-19, m\u0103surile de prevenire \u00een vigoare \u00een diferite regiuni \u0219i impedimentele organizatorice care rezult\u0103. V\u0103 vom informa \u00een cel mai scurt timp despre noile date ale t\u00e2rgului, \u00een func\u021bie de evolu\u021bia situa\u021biei.\u00a0\u00a0<\/em><\/p>\n<p style=\"text-align: center\">_____________________________________<\/p>\n<p><span class=\"ac-designer-copy\">Vom fi prezen\u021bi \u0219i \u00een acest an, la neuitat<\/span>\u00a0<a href=\"https:\/\/lafiera.vitaincampagna.it\/\" target=\"_blank\" rel=\"noopener noreferrer\"><span class=\"ac-designer-copy\">corect\u00a0<\/span><span class=\"ac-designer-copy\">eveniment de\u00a0<\/span><span class=\"ac-designer-copy\">Via\u021ba la \u021bar\u0103<\/span><\/a><span class=\"ac-designer-copy\">s\u0103rb\u0103torim 10 ani de dragoste pentru natur\u0103 \u0219i pentru toate activit\u0103\u021bile legate de natur\u0103!\u00a0<br class=\"ac-designer-copy\" \/>Ne ve\u021bi g\u0103si \u00eentotdeauna la\u00a0<\/span><span class=\"ac-designer-copy\"><strong>sala 5<\/strong>, <strong>Culoarul B<\/strong>, <strong>stand 3<\/strong>\u00a0<\/span><span class=\"ac-designer-copy\">dar anul acesta vor fi multe surprize!<br class=\"ac-designer-copy\" \/><br class=\"ac-designer-copy\" \/>Nu va fi o lips\u0103 de valoroase\u00a0<\/span><strong><span class=\"ac-designer-copy\">cursuri\u00a0<\/span><\/strong><span class=\"ac-designer-copy\"><strong>Tauro pe uscare<\/strong>\u00eembog\u0103\u021bit\u0103 prin prezen\u021ba<\/span><span class=\"ac-designer-copy\"><a href=\"https:\/\/www.chefdalicandro.it\/\" target=\"_blank\" rel=\"noopener noreferrer\"> Chef Dalicandro<\/a>. <\/span><span class=\"ac-designer-copy\">Ve\u021bi putea participa la cursurile de la stand (la orele 10.00, 12.00 \u0219i 16.30) sau la cel din sala de formare din sal\u0103, de la ora 16.30.\u00a0<\/span><\/p>\n<p>Atunci va fi <strong>dou\u0103 ocazii de \u00eent\u00e2lnire foarte importante<\/strong> cu pasiona\u021bi de uscare:<\/p>\n<h3><strong>Conferin\u021b\u0103 profesional\u0103 de uscare<\/strong><\/h3>\n<p><strong>Vineri, 27 martie<\/strong>, care se \u00eent\u00e2lnesc la <strong>15.30 p.m.<\/strong> pentru un <strong>conferin\u021b\u0103<\/strong> intitulat <strong>\"Me\u0219te\u0219ugul usc\u0103rii: reglement\u0103ri, tehnici \u0219i strategii pentru a crea valoare - de la atelier la v\u00e2nzare<\/strong>. \u00cent\u00e2lnirea este organizat\u0103 de Tauro, \u00een prezen\u021ba <strong>parteneri<\/strong> exper\u021bi \u00een siguran\u021b\u0103 la locul de munc\u0103, marketing pentru afaceri \u0219i consultan\u021b\u0103 pentru o buc\u0103t\u0103rie profesional\u0103. Dac\u0103 dori\u021bi mai multe informa\u021bii despre aceast\u0103 \u00eent\u00e2lnire (care poate fi accesat\u0103 doar dup\u0103 acreditare), v\u0103 rug\u0103m s\u0103 ne trimite\u021bi un e-mail la professional@tauroessiccatori.com.<\/p>\n<h3 style=\"text-align: left\"><strong>Descoperi\u021bi cursurile noastre gratuite<\/strong><\/h3>\n<p><strong>S\u00e2mb\u0103t\u0103 28 martie<\/strong>, care se \u00eent\u00e2lnesc la <strong>Ora 16.00.<\/strong> la standul Tauro pentru un nou <strong>\u00eent\u00e2lnire \u00eentre Oamenii care usuc\u0103<\/strong> (pe baz\u0103 de invita\u021bie, scriind la comunicazione@tauroessiccatori.com). Ca \u00een fiecare an, aceasta este o ocazie excelent\u0103 de a ne pune la curent, de a ne spune unii altora cele mai recente nout\u0103\u021bi \u0219i descoperiri despre uscare \u0219i despre modul \u00een care aceasta continu\u0103 s\u0103 ne \u00eembun\u0103t\u0103\u021beasc\u0103 via\u021ba! \u00cen plus, un cadou frumos pentru to\u021bi cei care se \u00eenscriu la \u00eent\u00e2lnire.<\/p>\n<p><span class=\"ac-designer-copy\">\u00cen orice moment, echipa noastr\u0103 <\/span><span class=\"ac-designer-copy\">personal\u00a0<\/span>va fi\u00a0<span class=\"ac-designer-copy\">\u00eentotdeauna la dispozi\u021bia dumneavoastr\u0103 pentru a v\u0103 oferi\u00a0<\/span><span class=\"ac-designer-copy\">sfaturi\u00a0<\/span><span class=\"ac-designer-copy\">despre cum s\u0103 se usuce cel mai bine \u0219i multe altele... vizita\u021bi-ne \u00een Montichiari (BS)!<\/span><\/p>\n<p>Reveni\u021bi s\u0103 citi\u021bi aceast\u0103 \u0219tire, pentru c\u0103 v\u0103 vom comunica mai multe detalii pe m\u0103sur\u0103 ce se apropie t\u00e2rgul! V\u0103 a\u0219tept\u0103m cu drag!<\/p>","protected":false},"excerpt":{"rendered":"<p>Metti un BIOSEC sotto l&#8217;Albero. SCOPRI QUI le promozioni di Natale! Gli sconti Black Friday sono qui! \u00a0 Clicca\u00a0per\u00a0non perderli \u2192 COMUNICAZIONE IMPORTANTE\u00a0 Con grande dispiacere dobbiamo comunicarvi che la fiera di Vita in campagna \u00e8 sospesa, viste le attuali ordinanze disposte dal Ministero della Salute alla luce dell&#8217;emergenza COVID-19, le misure di prevenzione in [&hellip;]<\/p>","protected":false},"author":6,"featured_media":17169,"comment_status":"closed","ping_status":"open","sticky":false,"template":"","format":"standard","meta":{"footnotes":""},"categories":[1],"tags":[],"class_list":["post-17168","post","type-post","status-publish","format-standard","has-post-thumbnail","hentry","category-senza-categoria"],"acf":[],"yoast_head":"<!-- This site is optimized with the Yoast SEO plugin v20.10 - https:\/\/yoast.com\/wordpress\/plugins\/seo\/ -->\n<title>27-29.03 | Sospesa la fiera di Vita in Campagna - Tauro Essiccatori<\/title>\n<meta name=\"robots\" content=\"noindex, follow, max-snippet:-1, max-image-preview:large, max-video-preview:-1\" \/>\n<meta property=\"og:locale\" content=\"ro_RO\" \/>\n<meta property=\"og:type\" content=\"article\" \/>\n<meta property=\"og:title\" content=\"27-29.03 | Sospesa la fiera di Vita in Campagna - Tauro Essiccatori\" \/>\n<meta property=\"og:description\" content=\"Metti un BIOSEC sotto l&#039;Albero. SCOPRI QUI le promozioni di Natale! Gli sconti Black Friday sono qui! \u00a0 Clicca\u00a0per\u00a0non perderli \u2192 COMUNICAZIONE IMPORTANTE\u00a0 Con grande dispiacere dobbiamo comunicarvi che la fiera di Vita in campagna \u00e8 sospesa, viste le attuali ordinanze disposte dal Ministero della Salute alla luce dell&#8217;emergenza COVID-19, le misure di prevenzione in [&hellip;]\" \/>\n<meta property=\"og:url\" content=\"https:\/\/stor51.tauroessiccatori.com\/ro\/2020\/02\/13\/tauro-alla-fiera-di-vita-in-campagna-decima-edizione-27-29-marzo-2020\/\" \/>\n<meta property=\"og:site_name\" content=\"Tauro Essiccatori\" \/>\n<meta property=\"article:publisher\" content=\"https:\/\/www.facebook.com\/TauroEssiccatori\/\" \/>\n<meta property=\"article:published_time\" content=\"2020-02-13T11:40:24+00:00\" \/>\n<meta property=\"article:modified_time\" content=\"2020-03-05T08:35:38+00:00\" \/>\n<meta property=\"og:image\" content=\"https:\/\/stor51.tauroessiccatori.com\/wp-assets\/uploads\/2020\/02\/logo-vic-2020.jpg\" \/>\n\t<meta property=\"og:image:width\" content=\"1060\" \/>\n\t<meta property=\"og:image:height\" content=\"666\" \/>\n\t<meta property=\"og:image:type\" content=\"image\/jpeg\" \/>\n<meta name=\"author\" content=\"Tauro Editor\" \/>\n<meta name=\"twitter:card\" content=\"summary_large_image\" \/>\n<meta name=\"twitter:label1\" content=\"Written by\" \/>\n\t<meta name=\"twitter:data1\" content=\"Tauro Editor\" \/>\n\t<meta name=\"twitter:label2\" content=\"Est. reading time\" \/>\n\t<meta name=\"twitter:data2\" content=\"2 minute\" \/>\n<script type=\"application\/ld+json\" class=\"yoast-schema-graph\">{\"@context\":\"https:\/\/schema.org\",\"@graph\":[{\"@type\":\"Article\",\"@id\":\"https:\/\/stor51.tauroessiccatori.com\/2020\/02\/13\/tauro-alla-fiera-di-vita-in-campagna-decima-edizione-27-29-marzo-2020\/#article\",\"isPartOf\":{\"@id\":\"https:\/\/stor51.tauroessiccatori.com\/2020\/02\/13\/tauro-alla-fiera-di-vita-in-campagna-decima-edizione-27-29-marzo-2020\/\"},\"author\":{\"name\":\"Tauro Editor\",\"@id\":\"https:\/\/stor51.tauroessiccatori.com\/#\/schema\/person\/a9fa977808a18b840c7f94bacacf47ae\"},\"headline\":\"27-29.03 | Sospesa la fiera di Vita in Campagna\",\"datePublished\":\"2020-02-13T11:40:24+00:00\",\"dateModified\":\"2020-03-05T08:35:38+00:00\",\"mainEntityOfPage\":{\"@id\":\"https:\/\/stor51.tauroessiccatori.com\/2020\/02\/13\/tauro-alla-fiera-di-vita-in-campagna-decima-edizione-27-29-marzo-2020\/\"},\"wordCount\":341,\"publisher\":{\"@id\":\"https:\/\/stor51.tauroessiccatori.com\/#organization\"},\"articleSection\":[\"Senza categoria\"],\"inLanguage\":\"ro-RO\"},{\"@type\":\"WebPage\",\"@id\":\"https:\/\/stor51.tauroessiccatori.com\/2020\/02\/13\/tauro-alla-fiera-di-vita-in-campagna-decima-edizione-27-29-marzo-2020\/\",\"url\":\"https:\/\/stor51.tauroessiccatori.com\/2020\/02\/13\/tauro-alla-fiera-di-vita-in-campagna-decima-edizione-27-29-marzo-2020\/\",\"name\":\"27-29.03 | Sospesa la fiera di Vita in Campagna - Tauro Essiccatori\",\"isPartOf\":{\"@id\":\"https:\/\/stor51.tauroessiccatori.com\/#website\"},\"datePublished\":\"2020-02-13T11:40:24+00:00\",\"dateModified\":\"2020-03-05T08:35:38+00:00\",\"breadcrumb\":{\"@id\":\"https:\/\/stor51.tauroessiccatori.com\/2020\/02\/13\/tauro-alla-fiera-di-vita-in-campagna-decima-edizione-27-29-marzo-2020\/#breadcrumb\"},\"inLanguage\":\"ro-RO\",\"potentialAction\":[{\"@type\":\"ReadAction\",\"target\":[\"https:\/\/stor51.tauroessiccatori.com\/2020\/02\/13\/tauro-alla-fiera-di-vita-in-campagna-decima-edizione-27-29-marzo-2020\/\"]}]},{\"@type\":\"BreadcrumbList\",\"@id\":\"https:\/\/stor51.tauroessiccatori.com\/2020\/02\/13\/tauro-alla-fiera-di-vita-in-campagna-decima-edizione-27-29-marzo-2020\/#breadcrumb\",\"itemListElement\":[{\"@type\":\"ListItem\",\"position\":1,\"name\":\"Home\",\"item\":\"https:\/\/stor51.tauroessiccatori.com\/\"},{\"@type\":\"ListItem\",\"position\":2,\"name\":\"27-29.03 | Sospesa la fiera di Vita in Campagna\"}]},{\"@type\":\"WebSite\",\"@id\":\"https:\/\/stor51.tauroessiccatori.com\/#website\",\"url\":\"https:\/\/stor51.tauroessiccatori.com\/\",\"name\":\"Tauro Essiccatori\",\"description\":\"Welcome to Tauro Essiccatori online shop\",\"publisher\":{\"@id\":\"https:\/\/stor51.tauroessiccatori.com\/#organization\"},\"potentialAction\":[{\"@type\":\"SearchAction\",\"target\":{\"@type\":\"EntryPoint\",\"urlTemplate\":\"https:\/\/stor51.tauroessiccatori.com\/?s={search_term_string}\"},\"query-input\":\"required name=search_term_string\"}],\"inLanguage\":\"ro-RO\"},{\"@type\":\"Organization\",\"@id\":\"https:\/\/stor51.tauroessiccatori.com\/#organization\",\"name\":\"Tauro Essiccatori\",\"url\":\"https:\/\/stor51.tauroessiccatori.com\/\",\"logo\":{\"@type\":\"ImageObject\",\"inLanguage\":\"ro-RO\",\"@id\":\"https:\/\/stor51.tauroessiccatori.com\/#\/schema\/logo\/image\/\",\"url\":\"https:\/\/www.tauroessiccatori.com\/wp-assets\/uploads\/2017\/07\/logo_tauro_500x109px.png\",\"contentUrl\":\"https:\/\/www.tauroessiccatori.com\/wp-assets\/uploads\/2017\/07\/logo_tauro_500x109px.png\",\"width\":500,\"height\":109,\"caption\":\"Tauro Essiccatori\"},\"image\":{\"@id\":\"https:\/\/stor51.tauroessiccatori.com\/#\/schema\/logo\/image\/\"},\"sameAs\":[\"https:\/\/www.facebook.com\/TauroEssiccatori\/\",\"https:\/\/www.instagram.com\/tauro_essiccatori\/\",\"https:\/\/it.linkedin.com\/company\/tauro-essiccatori\",\"https:\/\/www.youtube.com\/user\/tauroessiccatori\"]},{\"@type\":\"Person\",\"@id\":\"https:\/\/stor51.tauroessiccatori.com\/#\/schema\/person\/a9fa977808a18b840c7f94bacacf47ae\",\"name\":\"Tauro Editor\",\"image\":{\"@type\":\"ImageObject\",\"inLanguage\":\"ro-RO\",\"@id\":\"https:\/\/stor51.tauroessiccatori.com\/#\/schema\/person\/image\/\",\"url\":\"https:\/\/secure.gravatar.com\/avatar\/b557ca77f150c24c8ed284846901e83d?s=96&d=mm&r=g\",\"contentUrl\":\"https:\/\/secure.gravatar.com\/avatar\/b557ca77f150c24c8ed284846901e83d?s=96&d=mm&r=g\",\"caption\":\"Tauro Editor\"},\"sameAs\":[\"http:\/\/www.tauroessiccatori.com\"]}]}<\/script>\n<!-- \/ Yoast SEO plugin. -->","yoast_head_json":{"title":"27-29.03 | Sospesa la fiera di Vita in Campagna - Tauro Essiccatori","robots":{"index":"noindex","follow":"follow","max-snippet":"max-snippet:-1","max-image-preview":"max-image-preview:large","max-video-preview":"max-video-preview:-1"},"og_locale":"ro_RO","og_type":"article","og_title":"27-29.03 | Sospesa la fiera di Vita in Campagna - Tauro Essiccatori","og_description":"Metti un BIOSEC sotto l'Albero. SCOPRI QUI le promozioni di Natale! Gli sconti Black Friday sono qui! \u00a0 Clicca\u00a0per\u00a0non perderli \u2192 COMUNICAZIONE IMPORTANTE\u00a0 Con grande dispiacere dobbiamo comunicarvi che la fiera di Vita in campagna \u00e8 sospesa, viste le attuali ordinanze disposte dal Ministero della Salute alla luce dell&#8217;emergenza COVID-19, le misure di prevenzione in [&hellip;]","og_url":"https:\/\/stor51.tauroessiccatori.com\/ro\/2020\/02\/13\/tauro-alla-fiera-di-vita-in-campagna-decima-edizione-27-29-marzo-2020\/","og_site_name":"Tauro Essiccatori","article_publisher":"https:\/\/www.facebook.com\/TauroEssiccatori\/","article_published_time":"2020-02-13T11:40:24+00:00","article_modified_time":"2020-03-05T08:35:38+00:00","og_image":[{"width":1060,"height":666,"url":"https:\/\/stor51.tauroessiccatori.com\/wp-assets\/uploads\/2020\/02\/logo-vic-2020.jpg","type":"image\/jpeg"}],"author":"Tauro Editor","twitter_card":"summary_large_image","twitter_misc":{"Written by":"Tauro Editor","Est. reading time":"2 minute"},"schema":{"@context":"https:\/\/schema.org","@graph":[{"@type":"Article","@id":"https:\/\/stor51.tauroessiccatori.com\/2020\/02\/13\/tauro-alla-fiera-di-vita-in-campagna-decima-edizione-27-29-marzo-2020\/#article","isPartOf":{"@id":"https:\/\/stor51.tauroessiccatori.com\/2020\/02\/13\/tauro-alla-fiera-di-vita-in-campagna-decima-edizione-27-29-marzo-2020\/"},"author":{"name":"Tauro Editor","@id":"https:\/\/stor51.tauroessiccatori.com\/#\/schema\/person\/a9fa977808a18b840c7f94bacacf47ae"},"headline":"27-29.03 | Sospesa la fiera di Vita in Campagna","datePublished":"2020-02-13T11:40:24+00:00","dateModified":"2020-03-05T08:35:38+00:00","mainEntityOfPage":{"@id":"https:\/\/stor51.tauroessiccatori.com\/2020\/02\/13\/tauro-alla-fiera-di-vita-in-campagna-decima-edizione-27-29-marzo-2020\/"},"wordCount":341,"publisher":{"@id":"https:\/\/stor51.tauroessiccatori.com\/#organization"},"articleSection":["Senza categoria"],"inLanguage":"ro-RO"},{"@type":"WebPage","@id":"https:\/\/stor51.tauroessiccatori.com\/2020\/02\/13\/tauro-alla-fiera-di-vita-in-campagna-decima-edizione-27-29-marzo-2020\/","url":"https:\/\/stor51.tauroessiccatori.com\/2020\/02\/13\/tauro-alla-fiera-di-vita-in-campagna-decima-edizione-27-29-marzo-2020\/","name":"27-29.03 | Sospesa la fiera di Vita in Campagna - Tauro Essiccatori","isPartOf":{"@id":"https:\/\/stor51.tauroessiccatori.com\/#website"},"datePublished":"2020-02-13T11:40:24+00:00","dateModified":"2020-03-05T08:35:38+00:00","breadcrumb":{"@id":"https:\/\/stor51.tauroessiccatori.com\/2020\/02\/13\/tauro-alla-fiera-di-vita-in-campagna-decima-edizione-27-29-marzo-2020\/#breadcrumb"},"inLanguage":"ro-RO","potentialAction":[{"@type":"ReadAction","target":["https:\/\/stor51.tauroessiccatori.com\/2020\/02\/13\/tauro-alla-fiera-di-vita-in-campagna-decima-edizione-27-29-marzo-2020\/"]}]},{"@type":"BreadcrumbList","@id":"https:\/\/stor51.tauroessiccatori.com\/2020\/02\/13\/tauro-alla-fiera-di-vita-in-campagna-decima-edizione-27-29-marzo-2020\/#breadcrumb","itemListElement":[{"@type":"ListItem","position":1,"name":"Home","item":"https:\/\/stor51.tauroessiccatori.com\/"},{"@type":"ListItem","position":2,"name":"27-29.03 | Sospesa la fiera di Vita in Campagna"}]},{"@type":"WebSite","@id":"https:\/\/stor51.tauroessiccatori.com\/#website","url":"https:\/\/stor51.tauroessiccatori.com\/","name":"Tauro Essiccatori","description":"Welcome to Tauro Essiccatori online shop","publisher":{"@id":"https:\/\/stor51.tauroessiccatori.com\/#organization"},"potentialAction":[{"@type":"SearchAction","target":{"@type":"EntryPoint","urlTemplate":"https:\/\/stor51.tauroessiccatori.com\/?s={search_term_string}"},"query-input":"required name=search_term_string"}],"inLanguage":"ro-RO"},{"@type":"Organization","@id":"https:\/\/stor51.tauroessiccatori.com\/#organization","name":"Tauro Essiccatori","url":"https:\/\/stor51.tauroessiccatori.com\/","logo":{"@type":"ImageObject","inLanguage":"ro-RO","@id":"https:\/\/stor51.tauroessiccatori.com\/#\/schema\/logo\/image\/","url":"https:\/\/www.tauroessiccatori.com\/wp-assets\/uploads\/2017\/07\/logo_tauro_500x109px.png","contentUrl":"https:\/\/www.tauroessiccatori.com\/wp-assets\/uploads\/2017\/07\/logo_tauro_500x109px.png","width":500,"height":109,"caption":"Tauro Essiccatori"},"image":{"@id":"https:\/\/stor51.tauroessiccatori.com\/#\/schema\/logo\/image\/"},"sameAs":["https:\/\/www.facebook.com\/TauroEssiccatori\/","https:\/\/www.instagram.com\/tauro_essiccatori\/","https:\/\/it.linkedin.com\/company\/tauro-essiccatori","https:\/\/www.youtube.com\/user\/tauroessiccatori"]},{"@type":"Person","@id":"https:\/\/stor51.tauroessiccatori.com\/#\/schema\/person\/a9fa977808a18b840c7f94bacacf47ae","name":"Tauro Editor","image":{"@type":"ImageObject","inLanguage":"ro-RO","@id":"https:\/\/stor51.tauroessiccatori.com\/#\/schema\/person\/image\/","url":"https:\/\/secure.gravatar.com\/avatar\/b557ca77f150c24c8ed284846901e83d?s=96&d=mm&r=g","contentUrl":"https:\/\/secure.gravatar.com\/avatar\/b557ca77f150c24c8ed284846901e83d?s=96&d=mm&r=g","caption":"Tauro Editor"},"sameAs":["http:\/\/www.tauroessiccatori.com"]}]}},"_links":{"self":[{"href":"https:\/\/stor51.tauroessiccatori.com\/ro\/wp-json\/wp\/v2\/posts\/17168"}],"collection":[{"href":"https:\/\/stor51.tauroessiccatori.com\/ro\/wp-json\/wp\/v2\/posts"}],"about":[{"href":"https:\/\/stor51.tauroessiccatori.com\/ro\/wp-json\/wp\/v2\/types\/post"}],"author":[{"embeddable":true,"href":"https:\/\/stor51.tauroessiccatori.com\/ro\/wp-json\/wp\/v2\/users\/6"}],"replies":[{"embeddable":true,"href":"https:\/\/stor51.tauroessiccatori.com\/ro\/wp-json\/wp\/v2\/comments?post=17168"}],"version-history":[{"count":14,"href":"https:\/\/stor51.tauroessiccatori.com\/ro\/wp-json\/wp\/v2\/posts\/17168\/revisions"}],"predecessor-version":[{"id":19350,"href":"https:\/\/stor51.tauroessiccatori.com\/ro\/wp-json\/wp\/v2\/posts\/17168\/revisions\/19350"}],"wp:featuredmedia":[{"embeddable":true,"href":"https:\/\/stor51.tauroessiccatori.com\/ro\/wp-json\/wp\/v2\/media\/17169"}],"wp:attachment":[{"href":"https:\/\/stor51.tauroessiccatori.com\/ro\/wp-json\/wp\/v2\/media?parent=17168"}],"wp:term":[{"taxonomy":"category","embeddable":true,"href":"https:\/\/stor51.tauroessiccatori.com\/ro\/wp-json\/wp\/v2\/categories?post=17168"},{"taxonomy":"post_tag","embeddable":true,"href":"https:\/\/stor51.tauroessiccatori.com\/ro\/wp-json\/wp\/v2\/tags?post=17168"}],"curies":[{"name":"wp","href":"https:\/\/api.w.org\/{rel}","templated":true}]}}