


{"id":15529,"date":"2019-10-16T00:00:00","date_gmt":"2019-10-15T22:00:00","guid":{"rendered":"https:\/\/www.tauroessiccatori.com\/2019\/10\/16\/7-10-10-tauro-espone-ad-agridirect-bolzano\/"},"modified":"2020-02-26T15:21:44","modified_gmt":"2020-02-26T14:21:44","slug":"7-10-10-tauro-espone-ad-agridirect-bolzano","status":"publish","type":"post","link":"https:\/\/stor51.tauroessiccatori.com\/ro\/2019\/10\/16\/7-10-10-10-tauro-expune-la-agridirect-bolzano\/","title":{"rendered":"7-10.10 | Bolzano: Tauro expune la Agridirect"},"content":{"rendered":"<div class=\"tauro-banners\"><div class=\"banner-00\" style=\"background-color: #852035\">\r\n<div class=\"ix-xmas-box-other\" style=\"font-size: 18px;padding: 7px 0;margin: 0 auto 0px auto\" align=\"center\"><b style=\"color: #fff;font-size: 18px\">Pune\u021bi un BIOSEC sub copac. <a style=\"color: #f8cc89;font-weight: bold;text-decoration: none;font-size: 18px\" href=\"https:\/\/www.tauroessiccatori.com\/christmas-2024\/\">DESCOPER\u0102 AICI<\/a> Promo\u021bii de Cr\u0103ciun!<\/b><\/div>\r\n<\/div><div class=\"banner-00\" style=\"background-color: #000\">\r\n<div class=\"ix-xmas-box-other\" style=\"font-size: 18px;padding: 7px 0;margin: 0 auto 0px auto\" align=\"center\"><b style=\"color: #fff\"> Reducerile de Black Friday sunt aici! \u00a0 <a style=\"color: #f77209;font-weight: bold;text-decoration: none\" href=\"https:\/\/www.tauroessiccatori.com\/black-friday-2024\/\"> Face\u021bi clic pentru a nu le pierde \u2192 <\/a>\r\n<\/b><\/div>\r\n<\/div><\/div><p>\u00cen Bolzano \u00ee\u0219i deschide por\u021bile <strong>Agridirect<\/strong>cel mai important <strong>t\u00e2rgul agricol alpine arc<\/strong>cunoscut \u00een \u00eentreaga regiune \u0219i un punct de \u00eent\u00e2lnire de peste 50 de ani pentru to\u021bi cei care lucreaz\u0103 \u00eentr-unul dintre cele mai importante sectoare economice ale \u021b\u0103rii.<\/p>\n<p>Tauro va participa ca invitat \u00een acest an <strong>unitate de afi\u0219are<\/strong> \u00een interiorul standului de la <strong>Consor\u021biul agricol din Bolzano<\/strong>, un punct de referin\u021b\u0103 pentru toate subiectele legate de gr\u0103din\u0103rit, agricultur\u0103 \u0219i bricolaj din <strong>Trentino Tirolul de Sud<\/strong>! Va fi o ocazie excelent\u0103 de a prezenta \u0219i vinde \u00eentreaga noastr\u0103 linie de produse, de la usc\u0103toarele de uz casnic (linia Biosec) la cele profesionale (Biosec Pro \u0219i B.Master).<br \/>\nSuntem foarte m\u00e2ndri s\u0103 facem parte din acest eveniment (anul acesta \u00eempreun\u0103 cu Agrialp), care ofer\u0103 produc\u0103torilor din acest sector o platform\u0103 unic\u0103 \u00een Italia, o expozi\u021bie specializat\u0103 pentru prelucrarea, ambalarea \u0219i comercializarea direct\u0103 a produselor agricole.<\/p>\n<p>Pe l\u00e2ng\u0103 compania noastr\u0103, la Agridirect ve\u021bi g\u0103si multe alte ferme \u0219i agroturisme, mereu \u00een c\u0103utare de noi informa\u021bii, echipamente, servicii \u0219i un schimb competent de informa\u021bii.<\/p>\n<p>Dac\u0103 v\u0103 afla\u021bi \u00een zon\u0103, vizita\u021bi-ne! G\u0103si\u021bi-ne la <strong>stand A03\/04<\/strong>,<strong> sectorul A<\/strong>.<br \/>\nV\u0103 a\u0219tept\u0103m!<\/p>","protected":false},"excerpt":{"rendered":"<p>Metti un BIOSEC sotto l&#8217;Albero. SCOPRI QUI le promozioni di Natale! Gli sconti Black Friday sono qui! \u00a0 Clicca\u00a0per\u00a0non perderli \u2192 A Bolzano sta per aprire i battenti Agridirect, la pi\u00f9 importante fiera agricola dell&#8217;arco alpino, conosciuta in tutta la regione e punto d&#8217;incontro da oltre 50 anni per tutti coloro che lavorano in uno [&hellip;]<\/p>","protected":false},"author":1,"featured_media":17392,"comment_status":"closed","ping_status":"closed","sticky":false,"template":"","format":"standard","meta":{"footnotes":""},"categories":[1],"tags":[308],"class_list":["post-15529","post","type-post","status-publish","format-standard","has-post-thumbnail","hentry","category-senza-categoria","tag-news-e-comunicazioni"],"acf":[],"yoast_head":"<!-- This site is optimized with the Yoast SEO plugin v20.10 - https:\/\/yoast.com\/wordpress\/plugins\/seo\/ -->\n<title>7-10.10 | Bolzano: Tauro espone ad Agridirect - Tauro Essiccatori<\/title>\n<meta name=\"robots\" content=\"noindex, follow, max-snippet:-1, max-image-preview:large, max-video-preview:-1\" \/>\n<meta property=\"og:locale\" content=\"ro_RO\" \/>\n<meta property=\"og:type\" content=\"article\" \/>\n<meta property=\"og:title\" content=\"7-10.10 | Bolzano: Tauro espone ad Agridirect - Tauro Essiccatori\" \/>\n<meta property=\"og:description\" content=\"Metti un BIOSEC sotto l&#039;Albero. SCOPRI QUI le promozioni di Natale! Gli sconti Black Friday sono qui! \u00a0 Clicca\u00a0per\u00a0non perderli \u2192 A Bolzano sta per aprire i battenti Agridirect, la pi\u00f9 importante fiera agricola dell&#8217;arco alpino, conosciuta in tutta la regione e punto d&#8217;incontro da oltre 50 anni per tutti coloro che lavorano in uno [&hellip;]\" \/>\n<meta property=\"og:url\" content=\"https:\/\/stor51.tauroessiccatori.com\/ro\/2019\/10\/16\/7-10-10-10-tauro-expune-la-agridirect-bolzano\/\" \/>\n<meta property=\"og:site_name\" content=\"Tauro Essiccatori\" \/>\n<meta property=\"article:publisher\" content=\"https:\/\/www.facebook.com\/TauroEssiccatori\/\" \/>\n<meta property=\"article:published_time\" content=\"2019-10-15T22:00:00+00:00\" \/>\n<meta property=\"article:modified_time\" content=\"2020-02-26T14:21:44+00:00\" \/>\n<meta property=\"og:image\" content=\"https:\/\/stor51.tauroessiccatori.com\/wp-assets\/uploads\/2020\/02\/agridirect-2019-1.png\" \/>\n\t<meta property=\"og:image:width\" content=\"625\" \/>\n\t<meta property=\"og:image:height\" content=\"378\" \/>\n\t<meta property=\"og:image:type\" content=\"image\/png\" \/>\n<meta name=\"author\" content=\"Tauro Admin\" \/>\n<meta name=\"twitter:card\" content=\"summary_large_image\" \/>\n<meta name=\"twitter:label1\" content=\"Written by\" \/>\n\t<meta name=\"twitter:data1\" content=\"Tauro Admin\" \/>\n\t<meta name=\"twitter:label2\" content=\"Est. reading time\" \/>\n\t<meta name=\"twitter:data2\" content=\"1 minut\" \/>\n<script type=\"application\/ld+json\" class=\"yoast-schema-graph\">{\"@context\":\"https:\/\/schema.org\",\"@graph\":[{\"@type\":\"Article\",\"@id\":\"https:\/\/stor51.tauroessiccatori.com\/2019\/10\/16\/7-10-10-tauro-espone-ad-agridirect-bolzano\/#article\",\"isPartOf\":{\"@id\":\"https:\/\/stor51.tauroessiccatori.com\/2019\/10\/16\/7-10-10-tauro-espone-ad-agridirect-bolzano\/\"},\"author\":{\"name\":\"Tauro Admin\",\"@id\":\"https:\/\/stor51.tauroessiccatori.com\/#\/schema\/person\/03c0696dc21f13e9b54b8b1ae60de53f\"},\"headline\":\"7-10.10 | Bolzano: Tauro espone ad Agridirect\",\"datePublished\":\"2019-10-15T22:00:00+00:00\",\"dateModified\":\"2020-02-26T14:21:44+00:00\",\"mainEntityOfPage\":{\"@id\":\"https:\/\/stor51.tauroessiccatori.com\/2019\/10\/16\/7-10-10-tauro-espone-ad-agridirect-bolzano\/\"},\"wordCount\":188,\"publisher\":{\"@id\":\"https:\/\/stor51.tauroessiccatori.com\/#organization\"},\"keywords\":[\"News e comunicazioni\"],\"articleSection\":[\"Senza categoria\"],\"inLanguage\":\"ro-RO\"},{\"@type\":\"WebPage\",\"@id\":\"https:\/\/stor51.tauroessiccatori.com\/2019\/10\/16\/7-10-10-tauro-espone-ad-agridirect-bolzano\/\",\"url\":\"https:\/\/stor51.tauroessiccatori.com\/2019\/10\/16\/7-10-10-tauro-espone-ad-agridirect-bolzano\/\",\"name\":\"7-10.10 | Bolzano: Tauro espone ad Agridirect - Tauro Essiccatori\",\"isPartOf\":{\"@id\":\"https:\/\/stor51.tauroessiccatori.com\/#website\"},\"datePublished\":\"2019-10-15T22:00:00+00:00\",\"dateModified\":\"2020-02-26T14:21:44+00:00\",\"breadcrumb\":{\"@id\":\"https:\/\/stor51.tauroessiccatori.com\/2019\/10\/16\/7-10-10-tauro-espone-ad-agridirect-bolzano\/#breadcrumb\"},\"inLanguage\":\"ro-RO\",\"potentialAction\":[{\"@type\":\"ReadAction\",\"target\":[\"https:\/\/stor51.tauroessiccatori.com\/2019\/10\/16\/7-10-10-tauro-espone-ad-agridirect-bolzano\/\"]}]},{\"@type\":\"BreadcrumbList\",\"@id\":\"https:\/\/stor51.tauroessiccatori.com\/2019\/10\/16\/7-10-10-tauro-espone-ad-agridirect-bolzano\/#breadcrumb\",\"itemListElement\":[{\"@type\":\"ListItem\",\"position\":1,\"name\":\"Home\",\"item\":\"https:\/\/stor51.tauroessiccatori.com\/\"},{\"@type\":\"ListItem\",\"position\":2,\"name\":\"7-10.10 | Bolzano: Tauro espone ad Agridirect\"}]},{\"@type\":\"WebSite\",\"@id\":\"https:\/\/stor51.tauroessiccatori.com\/#website\",\"url\":\"https:\/\/stor51.tauroessiccatori.com\/\",\"name\":\"Tauro Essiccatori\",\"description\":\"Welcome to Tauro Essiccatori online shop\",\"publisher\":{\"@id\":\"https:\/\/stor51.tauroessiccatori.com\/#organization\"},\"potentialAction\":[{\"@type\":\"SearchAction\",\"target\":{\"@type\":\"EntryPoint\",\"urlTemplate\":\"https:\/\/stor51.tauroessiccatori.com\/?s={search_term_string}\"},\"query-input\":\"required name=search_term_string\"}],\"inLanguage\":\"ro-RO\"},{\"@type\":\"Organization\",\"@id\":\"https:\/\/stor51.tauroessiccatori.com\/#organization\",\"name\":\"Tauro Essiccatori\",\"url\":\"https:\/\/stor51.tauroessiccatori.com\/\",\"logo\":{\"@type\":\"ImageObject\",\"inLanguage\":\"ro-RO\",\"@id\":\"https:\/\/stor51.tauroessiccatori.com\/#\/schema\/logo\/image\/\",\"url\":\"https:\/\/www.tauroessiccatori.com\/wp-assets\/uploads\/2017\/07\/logo_tauro_500x109px.png\",\"contentUrl\":\"https:\/\/www.tauroessiccatori.com\/wp-assets\/uploads\/2017\/07\/logo_tauro_500x109px.png\",\"width\":500,\"height\":109,\"caption\":\"Tauro Essiccatori\"},\"image\":{\"@id\":\"https:\/\/stor51.tauroessiccatori.com\/#\/schema\/logo\/image\/\"},\"sameAs\":[\"https:\/\/www.facebook.com\/TauroEssiccatori\/\",\"https:\/\/www.instagram.com\/tauro_essiccatori\/\",\"https:\/\/it.linkedin.com\/company\/tauro-essiccatori\",\"https:\/\/www.youtube.com\/user\/tauroessiccatori\"]},{\"@type\":\"Person\",\"@id\":\"https:\/\/stor51.tauroessiccatori.com\/#\/schema\/person\/03c0696dc21f13e9b54b8b1ae60de53f\",\"name\":\"Tauro Admin\",\"image\":{\"@type\":\"ImageObject\",\"inLanguage\":\"ro-RO\",\"@id\":\"https:\/\/stor51.tauroessiccatori.com\/#\/schema\/person\/image\/\",\"url\":\"https:\/\/secure.gravatar.com\/avatar\/948b1337cb044a83aa6474b5005f4ccb?s=96&d=mm&r=g\",\"contentUrl\":\"https:\/\/secure.gravatar.com\/avatar\/948b1337cb044a83aa6474b5005f4ccb?s=96&d=mm&r=g\",\"caption\":\"Tauro Admin\"}}]}<\/script>\n<!-- \/ Yoast SEO plugin. -->","yoast_head_json":{"title":"7-10.10 | Bolzano: Tauro espone ad Agridirect - Tauro Essiccatori","robots":{"index":"noindex","follow":"follow","max-snippet":"max-snippet:-1","max-image-preview":"max-image-preview:large","max-video-preview":"max-video-preview:-1"},"og_locale":"ro_RO","og_type":"article","og_title":"7-10.10 | Bolzano: Tauro espone ad Agridirect - Tauro Essiccatori","og_description":"Metti un BIOSEC sotto l'Albero. SCOPRI QUI le promozioni di Natale! Gli sconti Black Friday sono qui! \u00a0 Clicca\u00a0per\u00a0non perderli \u2192 A Bolzano sta per aprire i battenti Agridirect, la pi\u00f9 importante fiera agricola dell&#8217;arco alpino, conosciuta in tutta la regione e punto d&#8217;incontro da oltre 50 anni per tutti coloro che lavorano in uno [&hellip;]","og_url":"https:\/\/stor51.tauroessiccatori.com\/ro\/2019\/10\/16\/7-10-10-10-tauro-expune-la-agridirect-bolzano\/","og_site_name":"Tauro Essiccatori","article_publisher":"https:\/\/www.facebook.com\/TauroEssiccatori\/","article_published_time":"2019-10-15T22:00:00+00:00","article_modified_time":"2020-02-26T14:21:44+00:00","og_image":[{"width":625,"height":378,"url":"https:\/\/stor51.tauroessiccatori.com\/wp-assets\/uploads\/2020\/02\/agridirect-2019-1.png","type":"image\/png"}],"author":"Tauro Admin","twitter_card":"summary_large_image","twitter_misc":{"Written by":"Tauro Admin","Est. reading time":"1 minut"},"schema":{"@context":"https:\/\/schema.org","@graph":[{"@type":"Article","@id":"https:\/\/stor51.tauroessiccatori.com\/2019\/10\/16\/7-10-10-tauro-espone-ad-agridirect-bolzano\/#article","isPartOf":{"@id":"https:\/\/stor51.tauroessiccatori.com\/2019\/10\/16\/7-10-10-tauro-espone-ad-agridirect-bolzano\/"},"author":{"name":"Tauro Admin","@id":"https:\/\/stor51.tauroessiccatori.com\/#\/schema\/person\/03c0696dc21f13e9b54b8b1ae60de53f"},"headline":"7-10.10 | Bolzano: Tauro espone ad Agridirect","datePublished":"2019-10-15T22:00:00+00:00","dateModified":"2020-02-26T14:21:44+00:00","mainEntityOfPage":{"@id":"https:\/\/stor51.tauroessiccatori.com\/2019\/10\/16\/7-10-10-tauro-espone-ad-agridirect-bolzano\/"},"wordCount":188,"publisher":{"@id":"https:\/\/stor51.tauroessiccatori.com\/#organization"},"keywords":["News e comunicazioni"],"articleSection":["Senza categoria"],"inLanguage":"ro-RO"},{"@type":"WebPage","@id":"https:\/\/stor51.tauroessiccatori.com\/2019\/10\/16\/7-10-10-tauro-espone-ad-agridirect-bolzano\/","url":"https:\/\/stor51.tauroessiccatori.com\/2019\/10\/16\/7-10-10-tauro-espone-ad-agridirect-bolzano\/","name":"7-10.10 | Bolzano: Tauro espone ad Agridirect - Tauro Essiccatori","isPartOf":{"@id":"https:\/\/stor51.tauroessiccatori.com\/#website"},"datePublished":"2019-10-15T22:00:00+00:00","dateModified":"2020-02-26T14:21:44+00:00","breadcrumb":{"@id":"https:\/\/stor51.tauroessiccatori.com\/2019\/10\/16\/7-10-10-tauro-espone-ad-agridirect-bolzano\/#breadcrumb"},"inLanguage":"ro-RO","potentialAction":[{"@type":"ReadAction","target":["https:\/\/stor51.tauroessiccatori.com\/2019\/10\/16\/7-10-10-tauro-espone-ad-agridirect-bolzano\/"]}]},{"@type":"BreadcrumbList","@id":"https:\/\/stor51.tauroessiccatori.com\/2019\/10\/16\/7-10-10-tauro-espone-ad-agridirect-bolzano\/#breadcrumb","itemListElement":[{"@type":"ListItem","position":1,"name":"Home","item":"https:\/\/stor51.tauroessiccatori.com\/"},{"@type":"ListItem","position":2,"name":"7-10.10 | Bolzano: Tauro espone ad Agridirect"}]},{"@type":"WebSite","@id":"https:\/\/stor51.tauroessiccatori.com\/#website","url":"https:\/\/stor51.tauroessiccatori.com\/","name":"Tauro Essiccatori","description":"Welcome to Tauro Essiccatori online shop","publisher":{"@id":"https:\/\/stor51.tauroessiccatori.com\/#organization"},"potentialAction":[{"@type":"SearchAction","target":{"@type":"EntryPoint","urlTemplate":"https:\/\/stor51.tauroessiccatori.com\/?s={search_term_string}"},"query-input":"required name=search_term_string"}],"inLanguage":"ro-RO"},{"@type":"Organization","@id":"https:\/\/stor51.tauroessiccatori.com\/#organization","name":"Tauro Essiccatori","url":"https:\/\/stor51.tauroessiccatori.com\/","logo":{"@type":"ImageObject","inLanguage":"ro-RO","@id":"https:\/\/stor51.tauroessiccatori.com\/#\/schema\/logo\/image\/","url":"https:\/\/www.tauroessiccatori.com\/wp-assets\/uploads\/2017\/07\/logo_tauro_500x109px.png","contentUrl":"https:\/\/www.tauroessiccatori.com\/wp-assets\/uploads\/2017\/07\/logo_tauro_500x109px.png","width":500,"height":109,"caption":"Tauro Essiccatori"},"image":{"@id":"https:\/\/stor51.tauroessiccatori.com\/#\/schema\/logo\/image\/"},"sameAs":["https:\/\/www.facebook.com\/TauroEssiccatori\/","https:\/\/www.instagram.com\/tauro_essiccatori\/","https:\/\/it.linkedin.com\/company\/tauro-essiccatori","https:\/\/www.youtube.com\/user\/tauroessiccatori"]},{"@type":"Person","@id":"https:\/\/stor51.tauroessiccatori.com\/#\/schema\/person\/03c0696dc21f13e9b54b8b1ae60de53f","name":"Tauro Admin","image":{"@type":"ImageObject","inLanguage":"ro-RO","@id":"https:\/\/stor51.tauroessiccatori.com\/#\/schema\/person\/image\/","url":"https:\/\/secure.gravatar.com\/avatar\/948b1337cb044a83aa6474b5005f4ccb?s=96&d=mm&r=g","contentUrl":"https:\/\/secure.gravatar.com\/avatar\/948b1337cb044a83aa6474b5005f4ccb?s=96&d=mm&r=g","caption":"Tauro Admin"}}]}},"_links":{"self":[{"href":"https:\/\/stor51.tauroessiccatori.com\/ro\/wp-json\/wp\/v2\/posts\/15529"}],"collection":[{"href":"https:\/\/stor51.tauroessiccatori.com\/ro\/wp-json\/wp\/v2\/posts"}],"about":[{"href":"https:\/\/stor51.tauroessiccatori.com\/ro\/wp-json\/wp\/v2\/types\/post"}],"author":[{"embeddable":true,"href":"https:\/\/stor51.tauroessiccatori.com\/ro\/wp-json\/wp\/v2\/users\/1"}],"replies":[{"embeddable":true,"href":"https:\/\/stor51.tauroessiccatori.com\/ro\/wp-json\/wp\/v2\/comments?post=15529"}],"version-history":[{"count":3,"href":"https:\/\/stor51.tauroessiccatori.com\/ro\/wp-json\/wp\/v2\/posts\/15529\/revisions"}],"predecessor-version":[{"id":18562,"href":"https:\/\/stor51.tauroessiccatori.com\/ro\/wp-json\/wp\/v2\/posts\/15529\/revisions\/18562"}],"wp:featuredmedia":[{"embeddable":true,"href":"https:\/\/stor51.tauroessiccatori.com\/ro\/wp-json\/wp\/v2\/media\/17392"}],"wp:attachment":[{"href":"https:\/\/stor51.tauroessiccatori.com\/ro\/wp-json\/wp\/v2\/media?parent=15529"}],"wp:term":[{"taxonomy":"category","embeddable":true,"href":"https:\/\/stor51.tauroessiccatori.com\/ro\/wp-json\/wp\/v2\/categories?post=15529"},{"taxonomy":"post_tag","embeddable":true,"href":"https:\/\/stor51.tauroessiccatori.com\/ro\/wp-json\/wp\/v2\/tags?post=15529"}],"curies":[{"name":"wp","href":"https:\/\/api.w.org\/{rel}","templated":true}]}}