


{"id":155537,"date":"2022-02-25T16:58:05","date_gmt":"2022-02-25T15:58:05","guid":{"rendered":"https:\/\/www.tauroessiccatori.com\/?p=155537\/"},"modified":"2022-02-28T12:09:28","modified_gmt":"2022-02-28T11:09:28","slug":"grazie-renato","status":"publish","type":"post","link":"https:\/\/stor51.tauroessiccatori.com\/nl\/2022\/02\/25\/bedankt-renato\/","title":{"rendered":"Bedankt, Renato."},"content":{"rendered":"<div class=\"tauro-banners\"><div class=\"banner-00\" style=\"background-color: #852035\">\r\n<div class=\"ix-xmas-box-other\" style=\"font-size: 18px;padding: 7px 0;margin: 0 auto 0px auto\" align=\"center\"><b style=\"color: #fff;font-size: 18px\">Plaats een BIOSEC onder de boom. <a style=\"color: #f8cc89;font-weight: bold;text-decoration: none;font-size: 18px\" href=\"https:\/\/www.tauroessiccatori.com\/christmas-2024\/\">ONTDEK HIER<\/a> Kerstaanbiedingen!<\/b><\/div>\r\n<\/div><div class=\"banner-00\" style=\"background-color: #000\">\r\n<div class=\"ix-xmas-box-other\" style=\"font-size: 18px;padding: 7px 0;margin: 0 auto 0px auto\" align=\"center\"><b style=\"color: #fff\"> Black Friday kortingen zijn er! \u00a0 <a style=\"color: #f77209;font-weight: bold;text-decoration: none\" href=\"https:\/\/www.tauroessiccatori.com\/black-friday-2024\/\"> Klik om ze niet te missen \u2192 <\/a>\r\n<\/b><\/div>\r\n<\/div><\/div><div class\"ix-img-inner-news\" style=\"margin:1.75rem 0;\">\n   <img decoding=\"async\" src=\"https:\/\/stor51.tauroessiccatori.com\/wp-assets\/uploads\/2022\/02\/1645472007681_mod-copia.jpg\">\n<\/div>\n<div>25.02.2022<\/div>\n<div>Vandaag is een hele speciale en moeilijke dag voor Tauro.<\/div>\n<div>Renato Zanon Santon, Livio's vader en historische oprichter van het bedrijf, heeft ons verlaten.<\/div>\n<div>Renato bedacht, ontwierp en realiseerde de eerste horizontale droger meer dan 30 jaar geleden. Overtuigd van de goedheid van het concept en de waarden die eruit voortkwamen, in een tijd waarin er nog geen sprake was van 'bio', van zelfproductie, van het beperken van afval, perfectioneerde hij het ontwerp, investeerde in de realisatie en bracht de droger, die hij Biosec noemde, op de markt.<\/div>\n<div>Zoals het vandaag de dag nog steeds wordt genoemd.<\/div>\n<div>Wat we nu zijn, hebben we te danken aan zijn vooruitziende idee\u00ebn, zijn visie op de toekomst en de koppigheid waarmee hij niet alleen en niet zozeer in een product geloofde, maar in een levensfilosofie die gericht was op energiebesparing, het waarderen van natuurlijke producten en het verminderen van afval.<\/div>\n<div>Waarden die nu helemaal van deze tijd blijken te zijn en die we proberen te respecteren en in gedachten te houden in ons dagelijks werk.<\/div>\n<div>We zijn er zeker van dat iedereen die hem heeft gekend de kracht van Renato's idee\u00ebn, visie, passie en diepe menselijkheid kan bevestigen.<\/div>\n<div>Zijn kwaliteiten zijn en blijven onze basis.<\/div>\n<div>Hartelijk dank.<\/div>\n<div>Livio en het hele Tauro team<\/div>\n<div><\/div>\n<div><\/div>\n<div>Tauro personeel<\/div>\n<div><\/div>","protected":false},"excerpt":{"rendered":"<p>Metti un BIOSEC sotto l&#8217;Albero. SCOPRI QUI le promozioni di Natale! Gli sconti Black Friday sono qui! \u00a0 Clicca\u00a0per\u00a0non perderli \u2192 25.02.2022 Oggi per la Tauro \u00e8 un giorno molto speciale e difficile. Ci ha lasciato Renato Zanon Santon, padre di Livio e storico fondatore dell\u2019azienda. Renato ide\u00f2, progett\u00f2 sulla carta e realizz\u00f2 il primo [&hellip;]<\/p>","protected":false},"author":1,"featured_media":155543,"comment_status":"closed","ping_status":"open","sticky":false,"template":"","format":"standard","meta":{"footnotes":""},"categories":[1],"tags":[],"class_list":["post-155537","post","type-post","status-publish","format-standard","has-post-thumbnail","hentry","category-senza-categoria"],"acf":[],"yoast_head":"<!-- This site is optimized with the Yoast SEO plugin v20.10 - https:\/\/yoast.com\/wordpress\/plugins\/seo\/ -->\n<title>Grazie Renato - Tauro Essiccatori<\/title>\n<meta name=\"robots\" content=\"noindex, follow, max-snippet:-1, max-image-preview:large, max-video-preview:-1\" \/>\n<meta property=\"og:locale\" content=\"nl_NL\" \/>\n<meta property=\"og:type\" content=\"article\" \/>\n<meta property=\"og:title\" content=\"Grazie Renato - Tauro Essiccatori\" \/>\n<meta property=\"og:description\" content=\"Metti un BIOSEC sotto l&#039;Albero. SCOPRI QUI le promozioni di Natale! Gli sconti Black Friday sono qui! \u00a0 Clicca\u00a0per\u00a0non perderli \u2192 25.02.2022 Oggi per la Tauro \u00e8 un giorno molto speciale e difficile. Ci ha lasciato Renato Zanon Santon, padre di Livio e storico fondatore dell\u2019azienda. Renato ide\u00f2, progett\u00f2 sulla carta e realizz\u00f2 il primo [&hellip;]\" \/>\n<meta property=\"og:url\" content=\"https:\/\/stor51.tauroessiccatori.com\/nl\/2022\/02\/25\/bedankt-renato\/\" \/>\n<meta property=\"og:site_name\" content=\"Tauro Essiccatori\" \/>\n<meta property=\"article:publisher\" content=\"https:\/\/www.facebook.com\/TauroEssiccatori\/\" \/>\n<meta property=\"article:published_time\" content=\"2022-02-25T15:58:05+00:00\" \/>\n<meta property=\"article:modified_time\" content=\"2022-02-28T11:09:28+00:00\" \/>\n<meta property=\"og:image\" content=\"https:\/\/stor51.tauroessiccatori.com\/wp-assets\/uploads\/2022\/02\/1645472007681_mod-copia-1.jpg\" \/>\n\t<meta property=\"og:image:width\" content=\"485\" \/>\n\t<meta property=\"og:image:height\" content=\"273\" \/>\n\t<meta property=\"og:image:type\" content=\"image\/jpeg\" \/>\n<meta name=\"author\" content=\"Tauro Admin\" \/>\n<meta name=\"twitter:card\" content=\"summary_large_image\" \/>\n<meta name=\"twitter:label1\" content=\"Written by\" \/>\n\t<meta name=\"twitter:data1\" content=\"Tauro Admin\" \/>\n\t<meta name=\"twitter:label2\" content=\"Est. reading time\" \/>\n\t<meta name=\"twitter:data2\" content=\"1 minute\" \/>\n<script type=\"application\/ld+json\" class=\"yoast-schema-graph\">{\"@context\":\"https:\/\/schema.org\",\"@graph\":[{\"@type\":\"Article\",\"@id\":\"https:\/\/stor51.tauroessiccatori.com\/2022\/02\/25\/grazie-renato\/#article\",\"isPartOf\":{\"@id\":\"https:\/\/stor51.tauroessiccatori.com\/2022\/02\/25\/grazie-renato\/\"},\"author\":{\"name\":\"Tauro Admin\",\"@id\":\"https:\/\/stor51.tauroessiccatori.com\/#\/schema\/person\/03c0696dc21f13e9b54b8b1ae60de53f\"},\"headline\":\"Grazie Renato\",\"datePublished\":\"2022-02-25T15:58:05+00:00\",\"dateModified\":\"2022-02-28T11:09:28+00:00\",\"mainEntityOfPage\":{\"@id\":\"https:\/\/stor51.tauroessiccatori.com\/2022\/02\/25\/grazie-renato\/\"},\"wordCount\":212,\"publisher\":{\"@id\":\"https:\/\/stor51.tauroessiccatori.com\/#organization\"},\"articleSection\":[\"Senza categoria\"],\"inLanguage\":\"nl\"},{\"@type\":\"WebPage\",\"@id\":\"https:\/\/stor51.tauroessiccatori.com\/2022\/02\/25\/grazie-renato\/\",\"url\":\"https:\/\/stor51.tauroessiccatori.com\/2022\/02\/25\/grazie-renato\/\",\"name\":\"Grazie Renato - Tauro Essiccatori\",\"isPartOf\":{\"@id\":\"https:\/\/stor51.tauroessiccatori.com\/#website\"},\"datePublished\":\"2022-02-25T15:58:05+00:00\",\"dateModified\":\"2022-02-28T11:09:28+00:00\",\"breadcrumb\":{\"@id\":\"https:\/\/stor51.tauroessiccatori.com\/2022\/02\/25\/grazie-renato\/#breadcrumb\"},\"inLanguage\":\"nl\",\"potentialAction\":[{\"@type\":\"ReadAction\",\"target\":[\"https:\/\/stor51.tauroessiccatori.com\/2022\/02\/25\/grazie-renato\/\"]}]},{\"@type\":\"BreadcrumbList\",\"@id\":\"https:\/\/stor51.tauroessiccatori.com\/2022\/02\/25\/grazie-renato\/#breadcrumb\",\"itemListElement\":[{\"@type\":\"ListItem\",\"position\":1,\"name\":\"Home\",\"item\":\"https:\/\/stor51.tauroessiccatori.com\/\"},{\"@type\":\"ListItem\",\"position\":2,\"name\":\"Grazie Renato\"}]},{\"@type\":\"WebSite\",\"@id\":\"https:\/\/stor51.tauroessiccatori.com\/#website\",\"url\":\"https:\/\/stor51.tauroessiccatori.com\/\",\"name\":\"Tauro Essiccatori\",\"description\":\"Welcome to Tauro Essiccatori online shop\",\"publisher\":{\"@id\":\"https:\/\/stor51.tauroessiccatori.com\/#organization\"},\"potentialAction\":[{\"@type\":\"SearchAction\",\"target\":{\"@type\":\"EntryPoint\",\"urlTemplate\":\"https:\/\/stor51.tauroessiccatori.com\/?s={search_term_string}\"},\"query-input\":\"required name=search_term_string\"}],\"inLanguage\":\"nl\"},{\"@type\":\"Organization\",\"@id\":\"https:\/\/stor51.tauroessiccatori.com\/#organization\",\"name\":\"Tauro Essiccatori\",\"url\":\"https:\/\/stor51.tauroessiccatori.com\/\",\"logo\":{\"@type\":\"ImageObject\",\"inLanguage\":\"nl\",\"@id\":\"https:\/\/stor51.tauroessiccatori.com\/#\/schema\/logo\/image\/\",\"url\":\"https:\/\/www.tauroessiccatori.com\/wp-assets\/uploads\/2017\/07\/logo_tauro_500x109px.png\",\"contentUrl\":\"https:\/\/www.tauroessiccatori.com\/wp-assets\/uploads\/2017\/07\/logo_tauro_500x109px.png\",\"width\":500,\"height\":109,\"caption\":\"Tauro Essiccatori\"},\"image\":{\"@id\":\"https:\/\/stor51.tauroessiccatori.com\/#\/schema\/logo\/image\/\"},\"sameAs\":[\"https:\/\/www.facebook.com\/TauroEssiccatori\/\",\"https:\/\/www.instagram.com\/tauro_essiccatori\/\",\"https:\/\/it.linkedin.com\/company\/tauro-essiccatori\",\"https:\/\/www.youtube.com\/user\/tauroessiccatori\"]},{\"@type\":\"Person\",\"@id\":\"https:\/\/stor51.tauroessiccatori.com\/#\/schema\/person\/03c0696dc21f13e9b54b8b1ae60de53f\",\"name\":\"Tauro Admin\",\"image\":{\"@type\":\"ImageObject\",\"inLanguage\":\"nl\",\"@id\":\"https:\/\/stor51.tauroessiccatori.com\/#\/schema\/person\/image\/\",\"url\":\"https:\/\/secure.gravatar.com\/avatar\/948b1337cb044a83aa6474b5005f4ccb?s=96&d=mm&r=g\",\"contentUrl\":\"https:\/\/secure.gravatar.com\/avatar\/948b1337cb044a83aa6474b5005f4ccb?s=96&d=mm&r=g\",\"caption\":\"Tauro Admin\"}}]}<\/script>\n<!-- \/ Yoast SEO plugin. -->","yoast_head_json":{"title":"Grazie Renato - Tauro Essiccatori","robots":{"index":"noindex","follow":"follow","max-snippet":"max-snippet:-1","max-image-preview":"max-image-preview:large","max-video-preview":"max-video-preview:-1"},"og_locale":"nl_NL","og_type":"article","og_title":"Grazie Renato - Tauro Essiccatori","og_description":"Metti un BIOSEC sotto l'Albero. SCOPRI QUI le promozioni di Natale! Gli sconti Black Friday sono qui! \u00a0 Clicca\u00a0per\u00a0non perderli \u2192 25.02.2022 Oggi per la Tauro \u00e8 un giorno molto speciale e difficile. Ci ha lasciato Renato Zanon Santon, padre di Livio e storico fondatore dell\u2019azienda. Renato ide\u00f2, progett\u00f2 sulla carta e realizz\u00f2 il primo [&hellip;]","og_url":"https:\/\/stor51.tauroessiccatori.com\/nl\/2022\/02\/25\/bedankt-renato\/","og_site_name":"Tauro Essiccatori","article_publisher":"https:\/\/www.facebook.com\/TauroEssiccatori\/","article_published_time":"2022-02-25T15:58:05+00:00","article_modified_time":"2022-02-28T11:09:28+00:00","og_image":[{"width":485,"height":273,"url":"https:\/\/stor51.tauroessiccatori.com\/wp-assets\/uploads\/2022\/02\/1645472007681_mod-copia-1.jpg","type":"image\/jpeg"}],"author":"Tauro Admin","twitter_card":"summary_large_image","twitter_misc":{"Written by":"Tauro Admin","Est. reading time":"1 minute"},"schema":{"@context":"https:\/\/schema.org","@graph":[{"@type":"Article","@id":"https:\/\/stor51.tauroessiccatori.com\/2022\/02\/25\/grazie-renato\/#article","isPartOf":{"@id":"https:\/\/stor51.tauroessiccatori.com\/2022\/02\/25\/grazie-renato\/"},"author":{"name":"Tauro Admin","@id":"https:\/\/stor51.tauroessiccatori.com\/#\/schema\/person\/03c0696dc21f13e9b54b8b1ae60de53f"},"headline":"Grazie Renato","datePublished":"2022-02-25T15:58:05+00:00","dateModified":"2022-02-28T11:09:28+00:00","mainEntityOfPage":{"@id":"https:\/\/stor51.tauroessiccatori.com\/2022\/02\/25\/grazie-renato\/"},"wordCount":212,"publisher":{"@id":"https:\/\/stor51.tauroessiccatori.com\/#organization"},"articleSection":["Senza categoria"],"inLanguage":"nl"},{"@type":"WebPage","@id":"https:\/\/stor51.tauroessiccatori.com\/2022\/02\/25\/grazie-renato\/","url":"https:\/\/stor51.tauroessiccatori.com\/2022\/02\/25\/grazie-renato\/","name":"Grazie Renato - Tauro Essiccatori","isPartOf":{"@id":"https:\/\/stor51.tauroessiccatori.com\/#website"},"datePublished":"2022-02-25T15:58:05+00:00","dateModified":"2022-02-28T11:09:28+00:00","breadcrumb":{"@id":"https:\/\/stor51.tauroessiccatori.com\/2022\/02\/25\/grazie-renato\/#breadcrumb"},"inLanguage":"nl","potentialAction":[{"@type":"ReadAction","target":["https:\/\/stor51.tauroessiccatori.com\/2022\/02\/25\/grazie-renato\/"]}]},{"@type":"BreadcrumbList","@id":"https:\/\/stor51.tauroessiccatori.com\/2022\/02\/25\/grazie-renato\/#breadcrumb","itemListElement":[{"@type":"ListItem","position":1,"name":"Home","item":"https:\/\/stor51.tauroessiccatori.com\/"},{"@type":"ListItem","position":2,"name":"Grazie Renato"}]},{"@type":"WebSite","@id":"https:\/\/stor51.tauroessiccatori.com\/#website","url":"https:\/\/stor51.tauroessiccatori.com\/","name":"Tauro Essiccatori","description":"Welcome to Tauro Essiccatori online shop","publisher":{"@id":"https:\/\/stor51.tauroessiccatori.com\/#organization"},"potentialAction":[{"@type":"SearchAction","target":{"@type":"EntryPoint","urlTemplate":"https:\/\/stor51.tauroessiccatori.com\/?s={search_term_string}"},"query-input":"required name=search_term_string"}],"inLanguage":"nl"},{"@type":"Organization","@id":"https:\/\/stor51.tauroessiccatori.com\/#organization","name":"Tauro Essiccatori","url":"https:\/\/stor51.tauroessiccatori.com\/","logo":{"@type":"ImageObject","inLanguage":"nl","@id":"https:\/\/stor51.tauroessiccatori.com\/#\/schema\/logo\/image\/","url":"https:\/\/www.tauroessiccatori.com\/wp-assets\/uploads\/2017\/07\/logo_tauro_500x109px.png","contentUrl":"https:\/\/www.tauroessiccatori.com\/wp-assets\/uploads\/2017\/07\/logo_tauro_500x109px.png","width":500,"height":109,"caption":"Tauro Essiccatori"},"image":{"@id":"https:\/\/stor51.tauroessiccatori.com\/#\/schema\/logo\/image\/"},"sameAs":["https:\/\/www.facebook.com\/TauroEssiccatori\/","https:\/\/www.instagram.com\/tauro_essiccatori\/","https:\/\/it.linkedin.com\/company\/tauro-essiccatori","https:\/\/www.youtube.com\/user\/tauroessiccatori"]},{"@type":"Person","@id":"https:\/\/stor51.tauroessiccatori.com\/#\/schema\/person\/03c0696dc21f13e9b54b8b1ae60de53f","name":"Tauro Admin","image":{"@type":"ImageObject","inLanguage":"nl","@id":"https:\/\/stor51.tauroessiccatori.com\/#\/schema\/person\/image\/","url":"https:\/\/secure.gravatar.com\/avatar\/948b1337cb044a83aa6474b5005f4ccb?s=96&d=mm&r=g","contentUrl":"https:\/\/secure.gravatar.com\/avatar\/948b1337cb044a83aa6474b5005f4ccb?s=96&d=mm&r=g","caption":"Tauro Admin"}}]}},"_links":{"self":[{"href":"https:\/\/stor51.tauroessiccatori.com\/nl\/wp-json\/wp\/v2\/posts\/155537"}],"collection":[{"href":"https:\/\/stor51.tauroessiccatori.com\/nl\/wp-json\/wp\/v2\/posts"}],"about":[{"href":"https:\/\/stor51.tauroessiccatori.com\/nl\/wp-json\/wp\/v2\/types\/post"}],"author":[{"embeddable":true,"href":"https:\/\/stor51.tauroessiccatori.com\/nl\/wp-json\/wp\/v2\/users\/1"}],"replies":[{"embeddable":true,"href":"https:\/\/stor51.tauroessiccatori.com\/nl\/wp-json\/wp\/v2\/comments?post=155537"}],"version-history":[{"count":8,"href":"https:\/\/stor51.tauroessiccatori.com\/nl\/wp-json\/wp\/v2\/posts\/155537\/revisions"}],"predecessor-version":[{"id":155706,"href":"https:\/\/stor51.tauroessiccatori.com\/nl\/wp-json\/wp\/v2\/posts\/155537\/revisions\/155706"}],"wp:featuredmedia":[{"embeddable":true,"href":"https:\/\/stor51.tauroessiccatori.com\/nl\/wp-json\/wp\/v2\/media\/155543"}],"wp:attachment":[{"href":"https:\/\/stor51.tauroessiccatori.com\/nl\/wp-json\/wp\/v2\/media?parent=155537"}],"wp:term":[{"taxonomy":"category","embeddable":true,"href":"https:\/\/stor51.tauroessiccatori.com\/nl\/wp-json\/wp\/v2\/categories?post=155537"},{"taxonomy":"post_tag","embeddable":true,"href":"https:\/\/stor51.tauroessiccatori.com\/nl\/wp-json\/wp\/v2\/tags?post=155537"}],"curies":[{"name":"wp","href":"https:\/\/api.w.org\/{rel}","templated":true}]}}