


{"id":20122,"date":"2020-03-18T11:57:42","date_gmt":"2020-03-18T10:57:42","guid":{"rendered":"https:\/\/www.tauroessiccatori.com\/?p=20122\/"},"modified":"2020-03-20T18:13:15","modified_gmt":"2020-03-20T17:13:15","slug":"modalita-operative-durante-emergenza-covid-19","status":"publish","type":"post","link":"https:\/\/stor51.tauroessiccatori.com\/lt\/2020\/03\/18\/veikimo-rezimai-covid-19-avariniu-atveju\/","title":{"rendered":"Veikimo re\u017eimai Covid-19 avariniu atveju"},"content":{"rendered":"<div class=\"tauro-banners\"><div class=\"banner-00\" style=\"background-color: #852035\">\r\n<div class=\"ix-xmas-box-other\" style=\"font-size: 18px;padding: 7px 0;margin: 0 auto 0px auto\" align=\"center\"><b style=\"color: #fff;font-size: 18px\">Po med\u017eiu pad\u0117kite BIOSEC. <a style=\"color: #f8cc89;font-weight: bold;text-decoration: none;font-size: 18px\" href=\"https:\/\/www.tauroessiccatori.com\/christmas-2024\/\">ATRASKITE \u010cIA<\/a> Kal\u0117din\u0117s akcijos!<\/b><\/div>\r\n<\/div><div class=\"banner-00\" style=\"background-color: #000\">\r\n<div class=\"ix-xmas-box-other\" style=\"font-size: 18px;padding: 7px 0;margin: 0 auto 0px auto\" align=\"center\"><b style=\"color: #fff\"> Juodojo penktadienio nuolaidos jau \u010dia! \u00a0 <a style=\"color: #f77209;font-weight: bold;text-decoration: none\" href=\"https:\/\/www.tauroessiccatori.com\/black-friday-2024\/\"> Spustel\u0117kite, kad j\u0173 nepraleistum\u0117te \u2192 <\/a>\r\n<\/b><\/div>\r\n<\/div><\/div><h3 style=\"text-align: center\"><strong>SVARBI INFORMACIJA VISIEMS M\u016aS\u0172 KLIENTAMS<\/strong><\/h3>\n<div><\/div>\n<p>&nbsp;<\/p>\n<div><\/div>\n<div>Nor\u0117tume jus informuoti, kad \"Tauro\" taip pat laikosi\u00a0<b>direktyvos\u00a0<\/b>ir\u00a0<b>standartai\u00a0<\/b>saugumo priemones, kuriomis siekiama sustabdyti \"Corona\" viruso plitim\u0105 ir plitim\u0105. Nepaisant to, dirbdami sumaniai ir bud\u0117dami pagal i\u0161kvietim\u0105, kai tai b\u016btina, m\u016bs\u0173\u00a0<b>\u012fmon\u0117\u00a0<\/b>lieka\u00a0<b>Atviras\u00a0<\/b>kad b\u016bt\u0173 u\u017etikrintas veikimas ir\u00a0<b>siuntos<\/b>suprantama, kad d\u0117l susidariusios pad\u0117ties yra lankstesni.<\/div>\n<div><\/div>\n<div><\/div>\n<div>Kai kuriose vietov\u0117se, t. y. tose, kurios labiausiai nukent\u0117jo, kurjeriai \u0161iuo metu taip pat reguliariai nevyksta. Vietovi\u0173 s\u0105ra\u0161as nuolat kei\u010diasi ir negali b\u016bti i\u0161 anksto prognozuojamas. Jei siuntos negal\u0117sime i\u0161si\u0173sti, susisieksime su gav\u0117ju ir susitarsime d\u0117l geriausio sprendimo.<\/div>\n<div><\/div>\n<div><\/div>\n<div>Svetain\u0117\u00a0<b>komutatorius\u00a0<\/b>pasilikti\u00a0<b>Atviras\u00a0<\/b>gauti\u00a0<b>skambu\u010diai telefonu\u00a0<\/b>Nuo pirmadienio iki penktadienio, nuo 9 iki 12.30 val., o po piet\u0173 - tik skubios pagalbos atvejais.<\/div>\n<div>Visada galite\u00a0<b>ra\u0161ykite mums\u00a0<\/b>per\u00a0<b>el. pa\u0161tas<\/b>adresu <a href=\"mailto:clienti@tauroessiccatori.com\">clienti@tauroessiccatori.com<\/a>tiek informacijos, tiek u\u017esakym\u0173; greitai atsakysime \u012f visas j\u016bs\u0173 u\u017eklausas.<\/div>\n<div><\/div>\n<div><\/div>\n<div>Taip pat garantuojame, kad\u00a0<b>saugumas\u00a0<\/b>m\u016bs\u0173\u00a0<b>sklypai<\/b>pakavimo operatoriai yra apsaugoti kauk\u0117mis ir pir\u0161tin\u0117mis, kad b\u016bt\u0173 u\u017etikrinta j\u0173 ir j\u016bs\u0173 sveikata. Ta\u010diau moksliniais tyrimais u\u017etikrinta, kad virusas nei\u0161gyvena siuntimo metu, tod\u0117l galite ramiai gauti ir atidaryti siuntin\u012f.<\/div>\n<div><\/div>\n<div><\/div>\n<div>Link\u0117dami kuo grei\u010diau sugr\u012f\u017eti \u012f normal\u0173 gyvenim\u0105, siun\u010diame jums \u0161iltus link\u0117jimus!<\/div>\n<div><\/div>\n<div><\/div>\n<div>\"Tauro\" darbuotojai<\/div>\n<div><\/div>","protected":false},"excerpt":{"rendered":"<p>Metti un BIOSEC sotto l&#8217;Albero. SCOPRI QUI le promozioni di Natale! Gli sconti Black Friday sono qui! \u00a0 Clicca\u00a0per\u00a0non perderli \u2192 INFORMAZIONE IMPORTANTE PER TUTTI I NOSTRI CLIENTI &nbsp; Ci teniamo a comunicarvi che anche Tauro sta rispettando le\u00a0direttive\u00a0e le\u00a0norme\u00a0di sicurezza per arginare la diffusione e il contagio da Corona virus. Nonostante questo, con modalit\u00e0 [&hellip;]<\/p>","protected":false},"author":431,"featured_media":20144,"comment_status":"closed","ping_status":"open","sticky":false,"template":"","format":"standard","meta":{"footnotes":""},"categories":[1],"tags":[],"class_list":["post-20122","post","type-post","status-publish","format-standard","has-post-thumbnail","hentry","category-senza-categoria"],"acf":[],"yoast_head":"<!-- This site is optimized with the Yoast SEO plugin v20.10 - https:\/\/yoast.com\/wordpress\/plugins\/seo\/ -->\n<title>Modalit\u00e0 operative durante emergenza Covid-19 - Tauro Essiccatori<\/title>\n<meta name=\"robots\" content=\"noindex, follow, max-snippet:-1, max-image-preview:large, max-video-preview:-1\" \/>\n<meta property=\"og:locale\" content=\"lt_LT\" \/>\n<meta property=\"og:type\" content=\"article\" \/>\n<meta property=\"og:title\" content=\"Modalit\u00e0 operative durante emergenza Covid-19 - Tauro Essiccatori\" \/>\n<meta property=\"og:description\" content=\"Metti un BIOSEC sotto l&#039;Albero. SCOPRI QUI le promozioni di Natale! Gli sconti Black Friday sono qui! \u00a0 Clicca\u00a0per\u00a0non perderli \u2192 INFORMAZIONE IMPORTANTE PER TUTTI I NOSTRI CLIENTI &nbsp; Ci teniamo a comunicarvi che anche Tauro sta rispettando le\u00a0direttive\u00a0e le\u00a0norme\u00a0di sicurezza per arginare la diffusione e il contagio da Corona virus. Nonostante questo, con modalit\u00e0 [&hellip;]\" \/>\n<meta property=\"og:url\" content=\"https:\/\/stor51.tauroessiccatori.com\/lt\/2020\/03\/18\/veikimo-rezimai-covid-19-avariniu-atveju\/\" \/>\n<meta property=\"og:site_name\" content=\"Tauro Essiccatori\" \/>\n<meta property=\"article:publisher\" content=\"https:\/\/www.facebook.com\/TauroEssiccatori\/\" \/>\n<meta property=\"article:published_time\" content=\"2020-03-18T10:57:42+00:00\" \/>\n<meta property=\"article:modified_time\" content=\"2020-03-20T17:13:15+00:00\" \/>\n<meta property=\"og:image\" content=\"https:\/\/stor51.tauroessiccatori.com\/wp-assets\/uploads\/2020\/03\/coronavirus-prevenzione-norme-igieniche.jpg\" \/>\n\t<meta property=\"og:image:width\" content=\"1280\" \/>\n\t<meta property=\"og:image:height\" content=\"720\" \/>\n\t<meta property=\"og:image:type\" content=\"image\/jpeg\" \/>\n<meta name=\"author\" content=\"elisa\" \/>\n<meta name=\"twitter:card\" content=\"summary_large_image\" \/>\n<meta name=\"twitter:label1\" content=\"Written by\" \/>\n\t<meta name=\"twitter:data1\" content=\"elisa\" \/>\n\t<meta name=\"twitter:label2\" content=\"Est. reading time\" \/>\n\t<meta name=\"twitter:data2\" content=\"1 minut\u0117\" \/>\n<script type=\"application\/ld+json\" class=\"yoast-schema-graph\">{\"@context\":\"https:\/\/schema.org\",\"@graph\":[{\"@type\":\"Article\",\"@id\":\"https:\/\/stor51.tauroessiccatori.com\/2020\/03\/18\/modalita-operative-durante-emergenza-covid-19\/#article\",\"isPartOf\":{\"@id\":\"https:\/\/stor51.tauroessiccatori.com\/2020\/03\/18\/modalita-operative-durante-emergenza-covid-19\/\"},\"author\":{\"name\":\"elisa\",\"@id\":\"https:\/\/stor51.tauroessiccatori.com\/#\/schema\/person\/4e9a2ddcc9501983327a35b418e6219d\"},\"headline\":\"Modalit\u00e0 operative durante emergenza Covid-19\",\"datePublished\":\"2020-03-18T10:57:42+00:00\",\"dateModified\":\"2020-03-20T17:13:15+00:00\",\"mainEntityOfPage\":{\"@id\":\"https:\/\/stor51.tauroessiccatori.com\/2020\/03\/18\/modalita-operative-durante-emergenza-covid-19\/\"},\"wordCount\":228,\"publisher\":{\"@id\":\"https:\/\/stor51.tauroessiccatori.com\/#organization\"},\"articleSection\":[\"Senza categoria\"],\"inLanguage\":\"lt-LT\"},{\"@type\":\"WebPage\",\"@id\":\"https:\/\/stor51.tauroessiccatori.com\/2020\/03\/18\/modalita-operative-durante-emergenza-covid-19\/\",\"url\":\"https:\/\/stor51.tauroessiccatori.com\/2020\/03\/18\/modalita-operative-durante-emergenza-covid-19\/\",\"name\":\"Modalit\u00e0 operative durante emergenza Covid-19 - Tauro Essiccatori\",\"isPartOf\":{\"@id\":\"https:\/\/stor51.tauroessiccatori.com\/#website\"},\"datePublished\":\"2020-03-18T10:57:42+00:00\",\"dateModified\":\"2020-03-20T17:13:15+00:00\",\"breadcrumb\":{\"@id\":\"https:\/\/stor51.tauroessiccatori.com\/2020\/03\/18\/modalita-operative-durante-emergenza-covid-19\/#breadcrumb\"},\"inLanguage\":\"lt-LT\",\"potentialAction\":[{\"@type\":\"ReadAction\",\"target\":[\"https:\/\/stor51.tauroessiccatori.com\/2020\/03\/18\/modalita-operative-durante-emergenza-covid-19\/\"]}]},{\"@type\":\"BreadcrumbList\",\"@id\":\"https:\/\/stor51.tauroessiccatori.com\/2020\/03\/18\/modalita-operative-durante-emergenza-covid-19\/#breadcrumb\",\"itemListElement\":[{\"@type\":\"ListItem\",\"position\":1,\"name\":\"Home\",\"item\":\"https:\/\/stor51.tauroessiccatori.com\/\"},{\"@type\":\"ListItem\",\"position\":2,\"name\":\"Modalit\u00e0 operative durante emergenza Covid-19\"}]},{\"@type\":\"WebSite\",\"@id\":\"https:\/\/stor51.tauroessiccatori.com\/#website\",\"url\":\"https:\/\/stor51.tauroessiccatori.com\/\",\"name\":\"Tauro Essiccatori\",\"description\":\"Welcome to Tauro Essiccatori online shop\",\"publisher\":{\"@id\":\"https:\/\/stor51.tauroessiccatori.com\/#organization\"},\"potentialAction\":[{\"@type\":\"SearchAction\",\"target\":{\"@type\":\"EntryPoint\",\"urlTemplate\":\"https:\/\/stor51.tauroessiccatori.com\/?s={search_term_string}\"},\"query-input\":\"required name=search_term_string\"}],\"inLanguage\":\"lt-LT\"},{\"@type\":\"Organization\",\"@id\":\"https:\/\/stor51.tauroessiccatori.com\/#organization\",\"name\":\"Tauro Essiccatori\",\"url\":\"https:\/\/stor51.tauroessiccatori.com\/\",\"logo\":{\"@type\":\"ImageObject\",\"inLanguage\":\"lt-LT\",\"@id\":\"https:\/\/stor51.tauroessiccatori.com\/#\/schema\/logo\/image\/\",\"url\":\"https:\/\/www.tauroessiccatori.com\/wp-assets\/uploads\/2017\/07\/logo_tauro_500x109px.png\",\"contentUrl\":\"https:\/\/www.tauroessiccatori.com\/wp-assets\/uploads\/2017\/07\/logo_tauro_500x109px.png\",\"width\":500,\"height\":109,\"caption\":\"Tauro Essiccatori\"},\"image\":{\"@id\":\"https:\/\/stor51.tauroessiccatori.com\/#\/schema\/logo\/image\/\"},\"sameAs\":[\"https:\/\/www.facebook.com\/TauroEssiccatori\/\",\"https:\/\/www.instagram.com\/tauro_essiccatori\/\",\"https:\/\/it.linkedin.com\/company\/tauro-essiccatori\",\"https:\/\/www.youtube.com\/user\/tauroessiccatori\"]},{\"@type\":\"Person\",\"@id\":\"https:\/\/stor51.tauroessiccatori.com\/#\/schema\/person\/4e9a2ddcc9501983327a35b418e6219d\",\"name\":\"elisa\",\"image\":{\"@type\":\"ImageObject\",\"inLanguage\":\"lt-LT\",\"@id\":\"https:\/\/stor51.tauroessiccatori.com\/#\/schema\/person\/image\/\",\"url\":\"https:\/\/secure.gravatar.com\/avatar\/886dbd102faf4105bb4911214488ca76?s=96&d=mm&r=g\",\"contentUrl\":\"https:\/\/secure.gravatar.com\/avatar\/886dbd102faf4105bb4911214488ca76?s=96&d=mm&r=g\",\"caption\":\"elisa\"}}]}<\/script>\n<!-- \/ Yoast SEO plugin. -->","yoast_head_json":{"title":"Modalit\u00e0 operative durante emergenza Covid-19 - Tauro Essiccatori","robots":{"index":"noindex","follow":"follow","max-snippet":"max-snippet:-1","max-image-preview":"max-image-preview:large","max-video-preview":"max-video-preview:-1"},"og_locale":"lt_LT","og_type":"article","og_title":"Modalit\u00e0 operative durante emergenza Covid-19 - Tauro Essiccatori","og_description":"Metti un BIOSEC sotto l'Albero. SCOPRI QUI le promozioni di Natale! Gli sconti Black Friday sono qui! \u00a0 Clicca\u00a0per\u00a0non perderli \u2192 INFORMAZIONE IMPORTANTE PER TUTTI I NOSTRI CLIENTI &nbsp; Ci teniamo a comunicarvi che anche Tauro sta rispettando le\u00a0direttive\u00a0e le\u00a0norme\u00a0di sicurezza per arginare la diffusione e il contagio da Corona virus. Nonostante questo, con modalit\u00e0 [&hellip;]","og_url":"https:\/\/stor51.tauroessiccatori.com\/lt\/2020\/03\/18\/veikimo-rezimai-covid-19-avariniu-atveju\/","og_site_name":"Tauro Essiccatori","article_publisher":"https:\/\/www.facebook.com\/TauroEssiccatori\/","article_published_time":"2020-03-18T10:57:42+00:00","article_modified_time":"2020-03-20T17:13:15+00:00","og_image":[{"width":1280,"height":720,"url":"https:\/\/stor51.tauroessiccatori.com\/wp-assets\/uploads\/2020\/03\/coronavirus-prevenzione-norme-igieniche.jpg","type":"image\/jpeg"}],"author":"elisa","twitter_card":"summary_large_image","twitter_misc":{"Written by":"elisa","Est. reading time":"1 minut\u0117"},"schema":{"@context":"https:\/\/schema.org","@graph":[{"@type":"Article","@id":"https:\/\/stor51.tauroessiccatori.com\/2020\/03\/18\/modalita-operative-durante-emergenza-covid-19\/#article","isPartOf":{"@id":"https:\/\/stor51.tauroessiccatori.com\/2020\/03\/18\/modalita-operative-durante-emergenza-covid-19\/"},"author":{"name":"elisa","@id":"https:\/\/stor51.tauroessiccatori.com\/#\/schema\/person\/4e9a2ddcc9501983327a35b418e6219d"},"headline":"Modalit\u00e0 operative durante emergenza Covid-19","datePublished":"2020-03-18T10:57:42+00:00","dateModified":"2020-03-20T17:13:15+00:00","mainEntityOfPage":{"@id":"https:\/\/stor51.tauroessiccatori.com\/2020\/03\/18\/modalita-operative-durante-emergenza-covid-19\/"},"wordCount":228,"publisher":{"@id":"https:\/\/stor51.tauroessiccatori.com\/#organization"},"articleSection":["Senza categoria"],"inLanguage":"lt-LT"},{"@type":"WebPage","@id":"https:\/\/stor51.tauroessiccatori.com\/2020\/03\/18\/modalita-operative-durante-emergenza-covid-19\/","url":"https:\/\/stor51.tauroessiccatori.com\/2020\/03\/18\/modalita-operative-durante-emergenza-covid-19\/","name":"Modalit\u00e0 operative durante emergenza Covid-19 - Tauro Essiccatori","isPartOf":{"@id":"https:\/\/stor51.tauroessiccatori.com\/#website"},"datePublished":"2020-03-18T10:57:42+00:00","dateModified":"2020-03-20T17:13:15+00:00","breadcrumb":{"@id":"https:\/\/stor51.tauroessiccatori.com\/2020\/03\/18\/modalita-operative-durante-emergenza-covid-19\/#breadcrumb"},"inLanguage":"lt-LT","potentialAction":[{"@type":"ReadAction","target":["https:\/\/stor51.tauroessiccatori.com\/2020\/03\/18\/modalita-operative-durante-emergenza-covid-19\/"]}]},{"@type":"BreadcrumbList","@id":"https:\/\/stor51.tauroessiccatori.com\/2020\/03\/18\/modalita-operative-durante-emergenza-covid-19\/#breadcrumb","itemListElement":[{"@type":"ListItem","position":1,"name":"Home","item":"https:\/\/stor51.tauroessiccatori.com\/"},{"@type":"ListItem","position":2,"name":"Modalit\u00e0 operative durante emergenza Covid-19"}]},{"@type":"WebSite","@id":"https:\/\/stor51.tauroessiccatori.com\/#website","url":"https:\/\/stor51.tauroessiccatori.com\/","name":"Tauro Essiccatori","description":"Welcome to Tauro Essiccatori online shop","publisher":{"@id":"https:\/\/stor51.tauroessiccatori.com\/#organization"},"potentialAction":[{"@type":"SearchAction","target":{"@type":"EntryPoint","urlTemplate":"https:\/\/stor51.tauroessiccatori.com\/?s={search_term_string}"},"query-input":"required name=search_term_string"}],"inLanguage":"lt-LT"},{"@type":"Organization","@id":"https:\/\/stor51.tauroessiccatori.com\/#organization","name":"Tauro Essiccatori","url":"https:\/\/stor51.tauroessiccatori.com\/","logo":{"@type":"ImageObject","inLanguage":"lt-LT","@id":"https:\/\/stor51.tauroessiccatori.com\/#\/schema\/logo\/image\/","url":"https:\/\/www.tauroessiccatori.com\/wp-assets\/uploads\/2017\/07\/logo_tauro_500x109px.png","contentUrl":"https:\/\/www.tauroessiccatori.com\/wp-assets\/uploads\/2017\/07\/logo_tauro_500x109px.png","width":500,"height":109,"caption":"Tauro Essiccatori"},"image":{"@id":"https:\/\/stor51.tauroessiccatori.com\/#\/schema\/logo\/image\/"},"sameAs":["https:\/\/www.facebook.com\/TauroEssiccatori\/","https:\/\/www.instagram.com\/tauro_essiccatori\/","https:\/\/it.linkedin.com\/company\/tauro-essiccatori","https:\/\/www.youtube.com\/user\/tauroessiccatori"]},{"@type":"Person","@id":"https:\/\/stor51.tauroessiccatori.com\/#\/schema\/person\/4e9a2ddcc9501983327a35b418e6219d","name":"elisa","image":{"@type":"ImageObject","inLanguage":"lt-LT","@id":"https:\/\/stor51.tauroessiccatori.com\/#\/schema\/person\/image\/","url":"https:\/\/secure.gravatar.com\/avatar\/886dbd102faf4105bb4911214488ca76?s=96&d=mm&r=g","contentUrl":"https:\/\/secure.gravatar.com\/avatar\/886dbd102faf4105bb4911214488ca76?s=96&d=mm&r=g","caption":"elisa"}}]}},"_links":{"self":[{"href":"https:\/\/stor51.tauroessiccatori.com\/lt\/wp-json\/wp\/v2\/posts\/20122"}],"collection":[{"href":"https:\/\/stor51.tauroessiccatori.com\/lt\/wp-json\/wp\/v2\/posts"}],"about":[{"href":"https:\/\/stor51.tauroessiccatori.com\/lt\/wp-json\/wp\/v2\/types\/post"}],"author":[{"embeddable":true,"href":"https:\/\/stor51.tauroessiccatori.com\/lt\/wp-json\/wp\/v2\/users\/431"}],"replies":[{"embeddable":true,"href":"https:\/\/stor51.tauroessiccatori.com\/lt\/wp-json\/wp\/v2\/comments?post=20122"}],"version-history":[{"count":9,"href":"https:\/\/stor51.tauroessiccatori.com\/lt\/wp-json\/wp\/v2\/posts\/20122\/revisions"}],"predecessor-version":[{"id":20425,"href":"https:\/\/stor51.tauroessiccatori.com\/lt\/wp-json\/wp\/v2\/posts\/20122\/revisions\/20425"}],"wp:featuredmedia":[{"embeddable":true,"href":"https:\/\/stor51.tauroessiccatori.com\/lt\/wp-json\/wp\/v2\/media\/20144"}],"wp:attachment":[{"href":"https:\/\/stor51.tauroessiccatori.com\/lt\/wp-json\/wp\/v2\/media?parent=20122"}],"wp:term":[{"taxonomy":"category","embeddable":true,"href":"https:\/\/stor51.tauroessiccatori.com\/lt\/wp-json\/wp\/v2\/categories?post=20122"},{"taxonomy":"post_tag","embeddable":true,"href":"https:\/\/stor51.tauroessiccatori.com\/lt\/wp-json\/wp\/v2\/tags?post=20122"}],"curies":[{"name":"wp","href":"https:\/\/api.w.org\/{rel}","templated":true}]}}