


{"id":15512,"date":"2018-01-11T00:00:00","date_gmt":"2018-01-10T23:00:00","guid":{"rendered":"https:\/\/www.tauroessiccatori.com\/2018\/01\/11\/29-9-corso-di-essiccazione-nella-capitale-con-lo-chef-dalicandro\/"},"modified":"2021-06-15T15:33:55","modified_gmt":"2021-06-15T13:33:55","slug":"29-9-corso-di-essiccazione-nella-capitale-con-lo-chef-dalicandro","status":"publish","type":"post","link":"https:\/\/stor51.tauroessiccatori.com\/hu\/2018\/01\/11\/29-9-szaritofolyamat-a-fovarosban-a-sef-dalicandro-val\/","title":{"rendered":"29.09 | Sz\u00e1r\u00edt\u00e1si tanfolyam a f\u0151v\u00e1rosban Dalicandro s\u00e9ffel"},"content":{"rendered":"<div class=\"tauro-banners\"><div class=\"banner-00\" style=\"background-color: #852035\">\r\n<div class=\"ix-xmas-box-other\" style=\"font-size: 18px;padding: 7px 0;margin: 0 auto 0px auto\" align=\"center\"><b style=\"color: #fff;font-size: 18px\">Helyezzen egy BIOSEC-et a fa al\u00e1. <a style=\"color: #f8cc89;font-weight: bold;text-decoration: none;font-size: 18px\" href=\"https:\/\/www.tauroessiccatori.com\/christmas-2024\/\">FEDEZZE MEG ITT<\/a> Kar\u00e1csonyi akci\u00f3k!<\/b><\/div>\r\n<\/div><div class=\"banner-00\" style=\"background-color: #000\">\r\n<div class=\"ix-xmas-box-other\" style=\"font-size: 18px;padding: 7px 0;margin: 0 auto 0px auto\" align=\"center\"><b style=\"color: #fff\"> Itt vannak a fekete p\u00e9nteki kedvezm\u00e9nyek! \u00a0 <a style=\"color: #f77209;font-weight: bold;text-decoration: none\" href=\"https:\/\/www.tauroessiccatori.com\/black-friday-2024\/\"> Kattints, hogy ne hagyd ki \u0151ket \u2192 <\/a>\r\n<\/b><\/div>\r\n<\/div><\/div><p>K\u00f6zk\u00edv\u00e1natra szeptember 29-\u00e9n, R\u00f3m\u00e1ban, 10 \u00f3r\u00e1t\u00f3l 14 \u00f3r\u00e1ig, az iskol\u00e1ban.\u00a0<strong>Vacsora a s\u00e9ffel<\/strong>, I\u00a0<a href=\"https:\/\/www.chefdalicandro.it\/\" target=\"_blank\" rel=\"noopener noreferrer\"><strong>Dalicandro s\u00e9f<\/strong><\/a>\u00a0tart egy intenz\u00edv\u00a0<strong>lecke<\/strong>\u00a0felfedezni \u00e9s felfedezni a\u00a0<strong>potenci\u00e1lis<\/strong>\u00a0ennek\u00a0<strong>szersz\u00e1m<\/strong>.<\/p>\n<p>Az eg\u00e9szs\u00e9ges f\u0151z\u00e9st\u0151l a\u00a0<strong>porok<\/strong>\u00a0h\u00e1zi k\u00e9sz\u00edt\u00e9s\u0171, a\u00a0<strong>sz\u00e1r\u00edtott h\u00fas<\/strong>\u00a0a  c\u00edmen.\u00a0<strong>puffasztott t\u00e9szta<\/strong>, a\u00a0<strong>gofri<\/strong>\u00a0a gy\u00fcm\u00f6lcs\u00f6k\u00a0<strong>habcs\u00f3kok<\/strong>a kand\u00edrozott gy\u00fcm\u00f6lcst\u0151l a cruschi paprik\u00e1ig, ez \u00e9s m\u00e9g sok minden m\u00e1s.<\/p>\n<p>Nem receptekkel leszel el\u00e1rasztva, hanem\u00a0<strong>technik\u00e1k<\/strong>\u00a0e\u00a0<strong>tr\u00fckk\u00f6k<\/strong>\u00a0hogy\u00a0<strong>az anyag urai<\/strong>\u00a0majd k\u00e9pes legyen saj\u00e1t recepteket kital\u00e1lni \u00e9s elk\u00e9sz\u00edteni szil\u00e1rd \u00e9s biztos alapokon.<br \/>\nMeg fogja \u00e9rteni, hogyan v\u00e1lasszon sz\u00e1r\u00edt\u00f3t, a f\u00fcgg\u0151leges \u00e9s a v\u00edzszintes sz\u00e1r\u00edt\u00f3 k\u00f6z\u00f6tti k\u00fcl\u00f6nbs\u00e9geket, a tapad\u00e1smentes lapok haszn\u00e1lat\u00e1t \u00e9s a h\u0151m\u00e9rs\u00e9klet kiv\u00e1laszt\u00e1s\u00e1t....<br \/>\nA tanfolyam v\u00e9g\u00e9n minden r\u00e9sztvev\u0151 sz\u00e1m\u00e1ra a Tauro \u00e1ltal felaj\u00e1nlott, sz\u00e1r\u00edt\u00f3 vagy m\u00e1s kapcsol\u00f3d\u00f3 anyag megv\u00e1s\u00e1rl\u00e1s\u00e1ra \u00e9rv\u00e9nyes kedvezm\u00e9nyk\u00f3d!<\/p>\n<p>A\u00a0<strong>k\u00f6lts\u00e9g<\/strong>\u00a0a tanfolyam <strong>60\u20ac<\/strong>\u00a0\u00e9s akkor lehet\u00a0<strong>tov\u00e1bbi inform\u00e1ci\u00f3 vagy regisztr\u00e1ci\u00f3<\/strong>\u00a0a  c\u00edmr\u0151l\u00a0<a href=\"https:\/\/www.atavolaconlochef.it\/corsi\/dep-cucina\/subj-207-cucina-amatoriale\/lessiccatore\/\">.<\/a>\u00a0az iskola!<\/p>\n<p>Minden\u00a0<strong>r\u00e9szletek<\/strong>\u00a0az al\u00e1bbi tanfolyamr\u00f3l:<\/p>\n<p><strong>WHAT<\/strong>: AMAT\u0150R SZ\u00c1R\u00cdT\u00d3 TANFOLYAM<br \/>\n<strong>WHERE<\/strong>Via della Pineta Sacchetti, 263 00168 - R\u00f3ma<br \/>\n<strong>MIKOR<\/strong>: 2018. szeptember 29.<br \/>\n<strong>ID\u0150JEGYZ\u00c9S<\/strong>: 10.00 &#8211; 14.00<br \/>\n<strong>COST<\/strong>: \u20ac 60,00<\/p>","protected":false},"excerpt":{"rendered":"<p>Metti un BIOSEC sotto l&#8217;Albero. SCOPRI QUI le promozioni di Natale! Gli sconti Black Friday sono qui! \u00a0 Clicca\u00a0per\u00a0non perderli \u2192 A grande richiesta, il\u00a029 settembre, a Roma, dalle 10 alle 14, alla scuola\u00a0A tavola con lo chef, lo\u00a0chef Dalicandro\u00a0terr\u00e0 un&#8217;intensa\u00a0lezione\u00a0per scoprire e approfondire le\u00a0potenzialit\u00e0\u00a0di questo\u00a0strumento. Dalla cucina healthy alle\u00a0polveri\u00a0homemade, dalla\u00a0carne essiccata\u00a0alla\u00a0pasta soffiata, dalle\u00a0cialdine\u00a0di frutta [&hellip;]<\/p>","protected":false},"author":1,"featured_media":0,"comment_status":"closed","ping_status":"closed","sticky":false,"template":"","format":"standard","meta":{"footnotes":""},"categories":[1],"tags":[308],"class_list":["post-15512","post","type-post","status-publish","format-standard","hentry","category-senza-categoria","tag-news-e-comunicazioni"],"acf":[],"yoast_head":"<!-- This site is optimized with the Yoast SEO plugin v20.10 - https:\/\/yoast.com\/wordpress\/plugins\/seo\/ -->\n<title>29.09 | Corso di essiccazione nella capitale con lo chef Dalicandro - Tauro Essiccatori<\/title>\n<meta name=\"robots\" content=\"noindex, follow, max-snippet:-1, max-image-preview:large, max-video-preview:-1\" \/>\n<meta property=\"og:locale\" content=\"hu_HU\" \/>\n<meta property=\"og:type\" content=\"article\" \/>\n<meta property=\"og:title\" content=\"29.09 | Corso di essiccazione nella capitale con lo chef Dalicandro - Tauro Essiccatori\" \/>\n<meta property=\"og:description\" content=\"Metti un BIOSEC sotto l&#039;Albero. SCOPRI QUI le promozioni di Natale! Gli sconti Black Friday sono qui! \u00a0 Clicca\u00a0per\u00a0non perderli \u2192 A grande richiesta, il\u00a029 settembre, a Roma, dalle 10 alle 14, alla scuola\u00a0A tavola con lo chef, lo\u00a0chef Dalicandro\u00a0terr\u00e0 un&#8217;intensa\u00a0lezione\u00a0per scoprire e approfondire le\u00a0potenzialit\u00e0\u00a0di questo\u00a0strumento. Dalla cucina healthy alle\u00a0polveri\u00a0homemade, dalla\u00a0carne essiccata\u00a0alla\u00a0pasta soffiata, dalle\u00a0cialdine\u00a0di frutta [&hellip;]\" \/>\n<meta property=\"og:url\" content=\"https:\/\/stor51.tauroessiccatori.com\/hu\/2018\/01\/11\/29-9-szaritofolyamat-a-fovarosban-a-sef-dalicandro-val\/\" \/>\n<meta property=\"og:site_name\" content=\"Tauro Essiccatori\" \/>\n<meta property=\"article:publisher\" content=\"https:\/\/www.facebook.com\/TauroEssiccatori\/\" \/>\n<meta property=\"article:published_time\" content=\"2018-01-10T23:00:00+00:00\" \/>\n<meta property=\"article:modified_time\" content=\"2021-06-15T13:33:55+00:00\" \/>\n<meta name=\"author\" content=\"Tauro Admin\" \/>\n<meta name=\"twitter:card\" content=\"summary_large_image\" \/>\n<meta name=\"twitter:label1\" content=\"Written by\" \/>\n\t<meta name=\"twitter:data1\" content=\"Tauro Admin\" \/>\n\t<meta name=\"twitter:label2\" content=\"Est. reading time\" \/>\n\t<meta name=\"twitter:data2\" content=\"1 perc\" \/>\n<script type=\"application\/ld+json\" class=\"yoast-schema-graph\">{\"@context\":\"https:\/\/schema.org\",\"@graph\":[{\"@type\":\"Article\",\"@id\":\"https:\/\/stor51.tauroessiccatori.com\/2018\/01\/11\/29-9-corso-di-essiccazione-nella-capitale-con-lo-chef-dalicandro\/#article\",\"isPartOf\":{\"@id\":\"https:\/\/stor51.tauroessiccatori.com\/2018\/01\/11\/29-9-corso-di-essiccazione-nella-capitale-con-lo-chef-dalicandro\/\"},\"author\":{\"name\":\"Tauro Admin\",\"@id\":\"https:\/\/stor51.tauroessiccatori.com\/#\/schema\/person\/03c0696dc21f13e9b54b8b1ae60de53f\"},\"headline\":\"29.09 | Corso di essiccazione nella capitale con lo chef Dalicandro\",\"datePublished\":\"2018-01-10T23:00:00+00:00\",\"dateModified\":\"2021-06-15T13:33:55+00:00\",\"mainEntityOfPage\":{\"@id\":\"https:\/\/stor51.tauroessiccatori.com\/2018\/01\/11\/29-9-corso-di-essiccazione-nella-capitale-con-lo-chef-dalicandro\/\"},\"wordCount\":181,\"publisher\":{\"@id\":\"https:\/\/stor51.tauroessiccatori.com\/#organization\"},\"keywords\":[\"News e comunicazioni\"],\"articleSection\":[\"Senza categoria\"],\"inLanguage\":\"hu\"},{\"@type\":\"WebPage\",\"@id\":\"https:\/\/stor51.tauroessiccatori.com\/2018\/01\/11\/29-9-corso-di-essiccazione-nella-capitale-con-lo-chef-dalicandro\/\",\"url\":\"https:\/\/stor51.tauroessiccatori.com\/2018\/01\/11\/29-9-corso-di-essiccazione-nella-capitale-con-lo-chef-dalicandro\/\",\"name\":\"29.09 | Corso di essiccazione nella capitale con lo chef Dalicandro - Tauro Essiccatori\",\"isPartOf\":{\"@id\":\"https:\/\/stor51.tauroessiccatori.com\/#website\"},\"datePublished\":\"2018-01-10T23:00:00+00:00\",\"dateModified\":\"2021-06-15T13:33:55+00:00\",\"breadcrumb\":{\"@id\":\"https:\/\/stor51.tauroessiccatori.com\/2018\/01\/11\/29-9-corso-di-essiccazione-nella-capitale-con-lo-chef-dalicandro\/#breadcrumb\"},\"inLanguage\":\"hu\",\"potentialAction\":[{\"@type\":\"ReadAction\",\"target\":[\"https:\/\/stor51.tauroessiccatori.com\/2018\/01\/11\/29-9-corso-di-essiccazione-nella-capitale-con-lo-chef-dalicandro\/\"]}]},{\"@type\":\"BreadcrumbList\",\"@id\":\"https:\/\/stor51.tauroessiccatori.com\/2018\/01\/11\/29-9-corso-di-essiccazione-nella-capitale-con-lo-chef-dalicandro\/#breadcrumb\",\"itemListElement\":[{\"@type\":\"ListItem\",\"position\":1,\"name\":\"Home\",\"item\":\"https:\/\/stor51.tauroessiccatori.com\/\"},{\"@type\":\"ListItem\",\"position\":2,\"name\":\"29.09 | Corso di essiccazione nella capitale con lo chef Dalicandro\"}]},{\"@type\":\"WebSite\",\"@id\":\"https:\/\/stor51.tauroessiccatori.com\/#website\",\"url\":\"https:\/\/stor51.tauroessiccatori.com\/\",\"name\":\"Tauro Essiccatori\",\"description\":\"Welcome to Tauro Essiccatori online shop\",\"publisher\":{\"@id\":\"https:\/\/stor51.tauroessiccatori.com\/#organization\"},\"potentialAction\":[{\"@type\":\"SearchAction\",\"target\":{\"@type\":\"EntryPoint\",\"urlTemplate\":\"https:\/\/stor51.tauroessiccatori.com\/?s={search_term_string}\"},\"query-input\":\"required name=search_term_string\"}],\"inLanguage\":\"hu\"},{\"@type\":\"Organization\",\"@id\":\"https:\/\/stor51.tauroessiccatori.com\/#organization\",\"name\":\"Tauro Essiccatori\",\"url\":\"https:\/\/stor51.tauroessiccatori.com\/\",\"logo\":{\"@type\":\"ImageObject\",\"inLanguage\":\"hu\",\"@id\":\"https:\/\/stor51.tauroessiccatori.com\/#\/schema\/logo\/image\/\",\"url\":\"https:\/\/www.tauroessiccatori.com\/wp-assets\/uploads\/2017\/07\/logo_tauro_500x109px.png\",\"contentUrl\":\"https:\/\/www.tauroessiccatori.com\/wp-assets\/uploads\/2017\/07\/logo_tauro_500x109px.png\",\"width\":500,\"height\":109,\"caption\":\"Tauro Essiccatori\"},\"image\":{\"@id\":\"https:\/\/stor51.tauroessiccatori.com\/#\/schema\/logo\/image\/\"},\"sameAs\":[\"https:\/\/www.facebook.com\/TauroEssiccatori\/\",\"https:\/\/www.instagram.com\/tauro_essiccatori\/\",\"https:\/\/it.linkedin.com\/company\/tauro-essiccatori\",\"https:\/\/www.youtube.com\/user\/tauroessiccatori\"]},{\"@type\":\"Person\",\"@id\":\"https:\/\/stor51.tauroessiccatori.com\/#\/schema\/person\/03c0696dc21f13e9b54b8b1ae60de53f\",\"name\":\"Tauro Admin\",\"image\":{\"@type\":\"ImageObject\",\"inLanguage\":\"hu\",\"@id\":\"https:\/\/stor51.tauroessiccatori.com\/#\/schema\/person\/image\/\",\"url\":\"https:\/\/secure.gravatar.com\/avatar\/948b1337cb044a83aa6474b5005f4ccb?s=96&d=mm&r=g\",\"contentUrl\":\"https:\/\/secure.gravatar.com\/avatar\/948b1337cb044a83aa6474b5005f4ccb?s=96&d=mm&r=g\",\"caption\":\"Tauro Admin\"}}]}<\/script>\n<!-- \/ Yoast SEO plugin. -->","yoast_head_json":{"title":"29.09 | Corso di essiccazione nella capitale con lo chef Dalicandro - Tauro Essiccatori","robots":{"index":"noindex","follow":"follow","max-snippet":"max-snippet:-1","max-image-preview":"max-image-preview:large","max-video-preview":"max-video-preview:-1"},"og_locale":"hu_HU","og_type":"article","og_title":"29.09 | Corso di essiccazione nella capitale con lo chef Dalicandro - Tauro Essiccatori","og_description":"Metti un BIOSEC sotto l'Albero. SCOPRI QUI le promozioni di Natale! Gli sconti Black Friday sono qui! \u00a0 Clicca\u00a0per\u00a0non perderli \u2192 A grande richiesta, il\u00a029 settembre, a Roma, dalle 10 alle 14, alla scuola\u00a0A tavola con lo chef, lo\u00a0chef Dalicandro\u00a0terr\u00e0 un&#8217;intensa\u00a0lezione\u00a0per scoprire e approfondire le\u00a0potenzialit\u00e0\u00a0di questo\u00a0strumento. Dalla cucina healthy alle\u00a0polveri\u00a0homemade, dalla\u00a0carne essiccata\u00a0alla\u00a0pasta soffiata, dalle\u00a0cialdine\u00a0di frutta [&hellip;]","og_url":"https:\/\/stor51.tauroessiccatori.com\/hu\/2018\/01\/11\/29-9-szaritofolyamat-a-fovarosban-a-sef-dalicandro-val\/","og_site_name":"Tauro Essiccatori","article_publisher":"https:\/\/www.facebook.com\/TauroEssiccatori\/","article_published_time":"2018-01-10T23:00:00+00:00","article_modified_time":"2021-06-15T13:33:55+00:00","author":"Tauro Admin","twitter_card":"summary_large_image","twitter_misc":{"Written by":"Tauro Admin","Est. reading time":"1 perc"},"schema":{"@context":"https:\/\/schema.org","@graph":[{"@type":"Article","@id":"https:\/\/stor51.tauroessiccatori.com\/2018\/01\/11\/29-9-corso-di-essiccazione-nella-capitale-con-lo-chef-dalicandro\/#article","isPartOf":{"@id":"https:\/\/stor51.tauroessiccatori.com\/2018\/01\/11\/29-9-corso-di-essiccazione-nella-capitale-con-lo-chef-dalicandro\/"},"author":{"name":"Tauro Admin","@id":"https:\/\/stor51.tauroessiccatori.com\/#\/schema\/person\/03c0696dc21f13e9b54b8b1ae60de53f"},"headline":"29.09 | Corso di essiccazione nella capitale con lo chef Dalicandro","datePublished":"2018-01-10T23:00:00+00:00","dateModified":"2021-06-15T13:33:55+00:00","mainEntityOfPage":{"@id":"https:\/\/stor51.tauroessiccatori.com\/2018\/01\/11\/29-9-corso-di-essiccazione-nella-capitale-con-lo-chef-dalicandro\/"},"wordCount":181,"publisher":{"@id":"https:\/\/stor51.tauroessiccatori.com\/#organization"},"keywords":["News e comunicazioni"],"articleSection":["Senza categoria"],"inLanguage":"hu"},{"@type":"WebPage","@id":"https:\/\/stor51.tauroessiccatori.com\/2018\/01\/11\/29-9-corso-di-essiccazione-nella-capitale-con-lo-chef-dalicandro\/","url":"https:\/\/stor51.tauroessiccatori.com\/2018\/01\/11\/29-9-corso-di-essiccazione-nella-capitale-con-lo-chef-dalicandro\/","name":"29.09 | Corso di essiccazione nella capitale con lo chef Dalicandro - Tauro Essiccatori","isPartOf":{"@id":"https:\/\/stor51.tauroessiccatori.com\/#website"},"datePublished":"2018-01-10T23:00:00+00:00","dateModified":"2021-06-15T13:33:55+00:00","breadcrumb":{"@id":"https:\/\/stor51.tauroessiccatori.com\/2018\/01\/11\/29-9-corso-di-essiccazione-nella-capitale-con-lo-chef-dalicandro\/#breadcrumb"},"inLanguage":"hu","potentialAction":[{"@type":"ReadAction","target":["https:\/\/stor51.tauroessiccatori.com\/2018\/01\/11\/29-9-corso-di-essiccazione-nella-capitale-con-lo-chef-dalicandro\/"]}]},{"@type":"BreadcrumbList","@id":"https:\/\/stor51.tauroessiccatori.com\/2018\/01\/11\/29-9-corso-di-essiccazione-nella-capitale-con-lo-chef-dalicandro\/#breadcrumb","itemListElement":[{"@type":"ListItem","position":1,"name":"Home","item":"https:\/\/stor51.tauroessiccatori.com\/"},{"@type":"ListItem","position":2,"name":"29.09 | Corso di essiccazione nella capitale con lo chef Dalicandro"}]},{"@type":"WebSite","@id":"https:\/\/stor51.tauroessiccatori.com\/#website","url":"https:\/\/stor51.tauroessiccatori.com\/","name":"Tauro Essiccatori","description":"Welcome to Tauro Essiccatori online shop","publisher":{"@id":"https:\/\/stor51.tauroessiccatori.com\/#organization"},"potentialAction":[{"@type":"SearchAction","target":{"@type":"EntryPoint","urlTemplate":"https:\/\/stor51.tauroessiccatori.com\/?s={search_term_string}"},"query-input":"required name=search_term_string"}],"inLanguage":"hu"},{"@type":"Organization","@id":"https:\/\/stor51.tauroessiccatori.com\/#organization","name":"Tauro Essiccatori","url":"https:\/\/stor51.tauroessiccatori.com\/","logo":{"@type":"ImageObject","inLanguage":"hu","@id":"https:\/\/stor51.tauroessiccatori.com\/#\/schema\/logo\/image\/","url":"https:\/\/www.tauroessiccatori.com\/wp-assets\/uploads\/2017\/07\/logo_tauro_500x109px.png","contentUrl":"https:\/\/www.tauroessiccatori.com\/wp-assets\/uploads\/2017\/07\/logo_tauro_500x109px.png","width":500,"height":109,"caption":"Tauro Essiccatori"},"image":{"@id":"https:\/\/stor51.tauroessiccatori.com\/#\/schema\/logo\/image\/"},"sameAs":["https:\/\/www.facebook.com\/TauroEssiccatori\/","https:\/\/www.instagram.com\/tauro_essiccatori\/","https:\/\/it.linkedin.com\/company\/tauro-essiccatori","https:\/\/www.youtube.com\/user\/tauroessiccatori"]},{"@type":"Person","@id":"https:\/\/stor51.tauroessiccatori.com\/#\/schema\/person\/03c0696dc21f13e9b54b8b1ae60de53f","name":"Tauro Admin","image":{"@type":"ImageObject","inLanguage":"hu","@id":"https:\/\/stor51.tauroessiccatori.com\/#\/schema\/person\/image\/","url":"https:\/\/secure.gravatar.com\/avatar\/948b1337cb044a83aa6474b5005f4ccb?s=96&d=mm&r=g","contentUrl":"https:\/\/secure.gravatar.com\/avatar\/948b1337cb044a83aa6474b5005f4ccb?s=96&d=mm&r=g","caption":"Tauro Admin"}}]}},"_links":{"self":[{"href":"https:\/\/stor51.tauroessiccatori.com\/hu\/wp-json\/wp\/v2\/posts\/15512"}],"collection":[{"href":"https:\/\/stor51.tauroessiccatori.com\/hu\/wp-json\/wp\/v2\/posts"}],"about":[{"href":"https:\/\/stor51.tauroessiccatori.com\/hu\/wp-json\/wp\/v2\/types\/post"}],"author":[{"embeddable":true,"href":"https:\/\/stor51.tauroessiccatori.com\/hu\/wp-json\/wp\/v2\/users\/1"}],"replies":[{"embeddable":true,"href":"https:\/\/stor51.tauroessiccatori.com\/hu\/wp-json\/wp\/v2\/comments?post=15512"}],"version-history":[{"count":3,"href":"https:\/\/stor51.tauroessiccatori.com\/hu\/wp-json\/wp\/v2\/posts\/15512\/revisions"}],"predecessor-version":[{"id":103932,"href":"https:\/\/stor51.tauroessiccatori.com\/hu\/wp-json\/wp\/v2\/posts\/15512\/revisions\/103932"}],"wp:attachment":[{"href":"https:\/\/stor51.tauroessiccatori.com\/hu\/wp-json\/wp\/v2\/media?parent=15512"}],"wp:term":[{"taxonomy":"category","embeddable":true,"href":"https:\/\/stor51.tauroessiccatori.com\/hu\/wp-json\/wp\/v2\/categories?post=15512"},{"taxonomy":"post_tag","embeddable":true,"href":"https:\/\/stor51.tauroessiccatori.com\/hu\/wp-json\/wp\/v2\/tags?post=15512"}],"curies":[{"name":"wp","href":"https:\/\/api.w.org\/{rel}","templated":true}]}}