


{"id":17168,"date":"2020-02-13T12:40:24","date_gmt":"2020-02-13T11:40:24","guid":{"rendered":"https:\/\/www.tauroessiccatori.com\/?p=17168\/"},"modified":"2020-03-05T09:35:38","modified_gmt":"2020-03-05T08:35:38","slug":"tauro-alla-fiera-di-vita-in-campagna-decima-edizione-27-29-marzo-2020","status":"publish","type":"post","link":"https:\/\/stor51.tauroessiccatori.com\/fr\/2020\/02\/13\/tauro-alla-fiera-di-vita-in-campagna-decima-edizione-27-29-marzo-2020\/","title":{"rendered":"27-29.03 | Suspension de la foire Vita in Campagna"},"content":{"rendered":"<div class=\"tauro-banners\"><div class=\"banner-00\" style=\"background-color: #852035\">\r\n<div class=\"ix-xmas-box-other\" style=\"font-size: 18px;padding: 7px 0;margin: 0 auto 0px auto\" align=\"center\"><b style=\"color: #fff;font-size: 18px\">Placez un BIOSEC sous l'arbre. <a style=\"color: #f8cc89;font-weight: bold;text-decoration: none;font-size: 18px\" href=\"https:\/\/www.tauroessiccatori.com\/christmas-2024\/\">D\u00c9COUVRIR ICI<\/a> Promotions de No\u00ebl !<\/b><\/div>\r\n<\/div><div class=\"banner-00\" style=\"background-color: #000\">\r\n<div class=\"ix-xmas-box-other\" style=\"font-size: 18px;padding: 7px 0;margin: 0 auto 0px auto\" align=\"center\"><b style=\"color: #fff\"> Les r\u00e9ductions du vendredi noir sont l\u00e0 ! \u00a0 <a style=\"color: #f77209;font-weight: bold;text-decoration: none\" href=\"https:\/\/www.tauroessiccatori.com\/black-friday-2024\/\"> Cliquez pour ne pas les manquer \u2192 <\/a>\r\n<\/b><\/div>\r\n<\/div><\/div><p style=\"text-align: center\"><strong>COMMUNICATION IMPORTANTE\u00a0<\/strong><\/p>\n<p><em>C'est avec un grand regret que nous devons vous informer que la foire Vita in campagna est suspendue, \u00e9tant donn\u00e9 les ordres actuels \u00e9mis par le Minist\u00e8re de la Sant\u00e9 \u00e0 la lumi\u00e8re de l'urgence COVID-19, les mesures de pr\u00e9vention en place dans diff\u00e9rentes r\u00e9gions et les emp\u00eachements organisationnels qui en d\u00e9coulent. Nous vous informerons d\u00e8s que possible des nouvelles dates de l'exposition, en fonction de l'\u00e9volution de la situation.\u00a0\u00a0<\/em><\/p>\n<p style=\"text-align: center\">_____________________________________<\/p>\n<p><span class=\"ac-designer-copy\">Nous serons de nouveau pr\u00e9sents cette ann\u00e9e, \u00e0 l'incontournable<\/span>\u00a0<a href=\"https:\/\/lafiera.vitaincampagna.it\/\" target=\"_blank\" rel=\"noopener noreferrer\"><span class=\"ac-designer-copy\">\u00e9quitable\u00a0<\/span><span class=\"ac-designer-copy\">\u00e9v\u00e9nement de\u00a0<\/span><span class=\"ac-designer-copy\">La vie \u00e0 la campagne<\/span><\/a><span class=\"ac-designer-copy\">qui c\u00e9l\u00e8bre 10 ans d'amour pour la nature et toutes les activit\u00e9s li\u00e9es \u00e0 la nature !\u00a0<br class=\"ac-designer-copy\" \/>Vous nous trouverez toujours \u00e0\u00a0<\/span><span class=\"ac-designer-copy\"><strong>hall 5<\/strong>, <strong>All\u00e9e B<\/strong>, <strong>stand 3<\/strong>\u00a0<\/span><span class=\"ac-designer-copy\">mais cette ann\u00e9e, il y aura beaucoup de surprises !<br class=\"ac-designer-copy\" \/><br class=\"ac-designer-copy\" \/>Il n'y aura pas de p\u00e9nurie de pr\u00e9cieux\u00a0<\/span><strong><span class=\"ac-designer-copy\">cours\u00a0<\/span><\/strong><span class=\"ac-designer-copy\"><strong>Tauro sur le s\u00e9chage<\/strong>enrichi par la pr\u00e9sence de la<\/span><span class=\"ac-designer-copy\"><a href=\"https:\/\/www.chefdalicandro.it\/\" target=\"_blank\" rel=\"noopener noreferrer\"> Chef Dalicandro<\/a>. <\/span><span class=\"ac-designer-copy\">Vous pourrez assister aux cours sur le stand (\u00e0 10 h, 12 h et 16 h 30) ou \u00e0 celui de la salle de cours du hall \u00e0 16 h 30.\u00a0<\/span><\/p>\n<p>Alors il y aura <strong>deux occasions de rencontre tr\u00e8s importantes<\/strong> avec les amateurs de s\u00e9chage :<\/p>\n<h3><strong>Conf\u00e9rence sur le s\u00e9chage professionnel<\/strong><\/h3>\n<p><strong>Vendredi 27 mars<\/strong>rencontre \u00e0 <strong>15 h 30.<\/strong> pour un <strong>conf\u00e9rence<\/strong> intitul\u00e9 <strong>L'art du s\u00e9chage : r\u00e9glementations, techniques et strat\u00e9gies pour cr\u00e9er de la valeur - de l'atelier \u00e0 la vente\".<\/strong>. La r\u00e9union est organis\u00e9e par Tauro, avec la pr\u00e9sence de <strong>partenaires<\/strong> des experts en s\u00e9curit\u00e9 sur le lieu de travail, en marketing pour les entreprises et en conseil pour une cuisine professionnelle. Si vous souhaitez obtenir de plus amples informations sur ce rendez-vous (qui n'est accessible qu'apr\u00e8s accr\u00e9ditation), veuillez nous envoyer un courriel \u00e0 l'adresse professional@tauroessiccatori.com.<\/p>\n<h3 style=\"text-align: left\"><strong>D\u00e9couvrez nos cours gratuits<\/strong><\/h3>\n<p><strong>Samedi 28 mars<\/strong>rencontre \u00e0 <strong>16 heures.<\/strong> au stand Tauro pour un nouveau <strong>rencontre entre les personnes qui s\u00e8chent<\/strong> (sur invitation, en \u00e9crivant \u00e0 comunicazione@tauroessiccatori.com). Comme chaque ann\u00e9e, c'est une excellente occasion de se retrouver, de se raconter les derni\u00e8res nouvelles et d\u00e9couvertes sur le s\u00e9chage et la fa\u00e7on dont il continue \u00e0 am\u00e9liorer nos vies ! De plus, un beau cadeau sera offert \u00e0 tous ceux qui s'inscriront \u00e0 la r\u00e9union.<\/p>\n<p><span class=\"ac-designer-copy\">A tout moment, notre <\/span><span class=\"ac-designer-copy\">personnel\u00a0<\/span>sera\u00a0<span class=\"ac-designer-copy\">toujours \u00e0 votre disposition pour vous donner\u00a0<\/span><span class=\"ac-designer-copy\">conseils\u00a0<\/span><span class=\"ac-designer-copy\">sur la meilleure fa\u00e7on de s\u00e9cher et bien plus encore... venez nous rendre visite \u00e0 Montichiari (BS) !<\/span><\/p>\n<p>Revenez lire cette actualit\u00e9, car nous vous communiquerons plus de d\u00e9tails \u00e0 l'approche de la foire ! Nous vous attendons !<\/p>","protected":false},"excerpt":{"rendered":"<p>Metti un BIOSEC sotto l&#8217;Albero. SCOPRI QUI le promozioni di Natale! Gli sconti Black Friday sono qui! \u00a0 Clicca\u00a0per\u00a0non perderli \u2192 COMUNICAZIONE IMPORTANTE\u00a0 Con grande dispiacere dobbiamo comunicarvi che la fiera di Vita in campagna \u00e8 sospesa, viste le attuali ordinanze disposte dal Ministero della Salute alla luce dell&#8217;emergenza COVID-19, le misure di prevenzione in [&hellip;]<\/p>","protected":false},"author":6,"featured_media":17169,"comment_status":"closed","ping_status":"open","sticky":false,"template":"","format":"standard","meta":{"footnotes":""},"categories":[1],"tags":[],"class_list":["post-17168","post","type-post","status-publish","format-standard","has-post-thumbnail","hentry","category-senza-categoria"],"acf":[],"yoast_head":"<!-- This site is optimized with the Yoast SEO plugin v20.10 - https:\/\/yoast.com\/wordpress\/plugins\/seo\/ -->\n<title>27-29.03 | Sospesa la fiera di Vita in Campagna - Tauro Essiccatori<\/title>\n<meta name=\"robots\" content=\"noindex, follow, max-snippet:-1, max-image-preview:large, max-video-preview:-1\" \/>\n<meta property=\"og:locale\" content=\"fr_FR\" \/>\n<meta property=\"og:type\" content=\"article\" \/>\n<meta property=\"og:title\" content=\"27-29.03 | Sospesa la fiera di Vita in Campagna - Tauro Essiccatori\" \/>\n<meta property=\"og:description\" content=\"Metti un BIOSEC sotto l&#039;Albero. SCOPRI QUI le promozioni di Natale! Gli sconti Black Friday sono qui! \u00a0 Clicca\u00a0per\u00a0non perderli \u2192 COMUNICAZIONE IMPORTANTE\u00a0 Con grande dispiacere dobbiamo comunicarvi che la fiera di Vita in campagna \u00e8 sospesa, viste le attuali ordinanze disposte dal Ministero della Salute alla luce dell&#8217;emergenza COVID-19, le misure di prevenzione in [&hellip;]\" \/>\n<meta property=\"og:url\" content=\"https:\/\/stor51.tauroessiccatori.com\/fr\/2020\/02\/13\/tauro-alla-fiera-di-vita-in-campagna-decima-edizione-27-29-marzo-2020\/\" \/>\n<meta property=\"og:site_name\" content=\"Tauro Essiccatori\" \/>\n<meta property=\"article:publisher\" content=\"https:\/\/www.facebook.com\/TauroEssiccatori\/\" \/>\n<meta property=\"article:published_time\" content=\"2020-02-13T11:40:24+00:00\" \/>\n<meta property=\"article:modified_time\" content=\"2020-03-05T08:35:38+00:00\" \/>\n<meta property=\"og:image\" content=\"https:\/\/stor51.tauroessiccatori.com\/wp-assets\/uploads\/2020\/02\/logo-vic-2020.jpg\" \/>\n\t<meta property=\"og:image:width\" content=\"1060\" \/>\n\t<meta property=\"og:image:height\" content=\"666\" \/>\n\t<meta property=\"og:image:type\" content=\"image\/jpeg\" \/>\n<meta name=\"author\" content=\"Tauro Editor\" \/>\n<meta name=\"twitter:card\" content=\"summary_large_image\" \/>\n<meta name=\"twitter:label1\" content=\"Written by\" \/>\n\t<meta name=\"twitter:data1\" content=\"Tauro Editor\" \/>\n\t<meta name=\"twitter:label2\" content=\"Est. reading time\" \/>\n\t<meta name=\"twitter:data2\" content=\"2 minutes\" \/>\n<script type=\"application\/ld+json\" class=\"yoast-schema-graph\">{\"@context\":\"https:\/\/schema.org\",\"@graph\":[{\"@type\":\"Article\",\"@id\":\"https:\/\/stor51.tauroessiccatori.com\/2020\/02\/13\/tauro-alla-fiera-di-vita-in-campagna-decima-edizione-27-29-marzo-2020\/#article\",\"isPartOf\":{\"@id\":\"https:\/\/stor51.tauroessiccatori.com\/2020\/02\/13\/tauro-alla-fiera-di-vita-in-campagna-decima-edizione-27-29-marzo-2020\/\"},\"author\":{\"name\":\"Tauro Editor\",\"@id\":\"https:\/\/stor51.tauroessiccatori.com\/#\/schema\/person\/a9fa977808a18b840c7f94bacacf47ae\"},\"headline\":\"27-29.03 | Sospesa la fiera di Vita in Campagna\",\"datePublished\":\"2020-02-13T11:40:24+00:00\",\"dateModified\":\"2020-03-05T08:35:38+00:00\",\"mainEntityOfPage\":{\"@id\":\"https:\/\/stor51.tauroessiccatori.com\/2020\/02\/13\/tauro-alla-fiera-di-vita-in-campagna-decima-edizione-27-29-marzo-2020\/\"},\"wordCount\":341,\"publisher\":{\"@id\":\"https:\/\/stor51.tauroessiccatori.com\/#organization\"},\"articleSection\":[\"Senza categoria\"],\"inLanguage\":\"fr-FR\"},{\"@type\":\"WebPage\",\"@id\":\"https:\/\/stor51.tauroessiccatori.com\/2020\/02\/13\/tauro-alla-fiera-di-vita-in-campagna-decima-edizione-27-29-marzo-2020\/\",\"url\":\"https:\/\/stor51.tauroessiccatori.com\/2020\/02\/13\/tauro-alla-fiera-di-vita-in-campagna-decima-edizione-27-29-marzo-2020\/\",\"name\":\"27-29.03 | Sospesa la fiera di Vita in Campagna - Tauro Essiccatori\",\"isPartOf\":{\"@id\":\"https:\/\/stor51.tauroessiccatori.com\/#website\"},\"datePublished\":\"2020-02-13T11:40:24+00:00\",\"dateModified\":\"2020-03-05T08:35:38+00:00\",\"breadcrumb\":{\"@id\":\"https:\/\/stor51.tauroessiccatori.com\/2020\/02\/13\/tauro-alla-fiera-di-vita-in-campagna-decima-edizione-27-29-marzo-2020\/#breadcrumb\"},\"inLanguage\":\"fr-FR\",\"potentialAction\":[{\"@type\":\"ReadAction\",\"target\":[\"https:\/\/stor51.tauroessiccatori.com\/2020\/02\/13\/tauro-alla-fiera-di-vita-in-campagna-decima-edizione-27-29-marzo-2020\/\"]}]},{\"@type\":\"BreadcrumbList\",\"@id\":\"https:\/\/stor51.tauroessiccatori.com\/2020\/02\/13\/tauro-alla-fiera-di-vita-in-campagna-decima-edizione-27-29-marzo-2020\/#breadcrumb\",\"itemListElement\":[{\"@type\":\"ListItem\",\"position\":1,\"name\":\"Home\",\"item\":\"https:\/\/stor51.tauroessiccatori.com\/\"},{\"@type\":\"ListItem\",\"position\":2,\"name\":\"27-29.03 | Sospesa la fiera di Vita in Campagna\"}]},{\"@type\":\"WebSite\",\"@id\":\"https:\/\/stor51.tauroessiccatori.com\/#website\",\"url\":\"https:\/\/stor51.tauroessiccatori.com\/\",\"name\":\"Tauro Essiccatori\",\"description\":\"Welcome to Tauro Essiccatori online shop\",\"publisher\":{\"@id\":\"https:\/\/stor51.tauroessiccatori.com\/#organization\"},\"potentialAction\":[{\"@type\":\"SearchAction\",\"target\":{\"@type\":\"EntryPoint\",\"urlTemplate\":\"https:\/\/stor51.tauroessiccatori.com\/?s={search_term_string}\"},\"query-input\":\"required name=search_term_string\"}],\"inLanguage\":\"fr-FR\"},{\"@type\":\"Organization\",\"@id\":\"https:\/\/stor51.tauroessiccatori.com\/#organization\",\"name\":\"Tauro Essiccatori\",\"url\":\"https:\/\/stor51.tauroessiccatori.com\/\",\"logo\":{\"@type\":\"ImageObject\",\"inLanguage\":\"fr-FR\",\"@id\":\"https:\/\/stor51.tauroessiccatori.com\/#\/schema\/logo\/image\/\",\"url\":\"https:\/\/www.tauroessiccatori.com\/wp-assets\/uploads\/2017\/07\/logo_tauro_500x109px.png\",\"contentUrl\":\"https:\/\/www.tauroessiccatori.com\/wp-assets\/uploads\/2017\/07\/logo_tauro_500x109px.png\",\"width\":500,\"height\":109,\"caption\":\"Tauro Essiccatori\"},\"image\":{\"@id\":\"https:\/\/stor51.tauroessiccatori.com\/#\/schema\/logo\/image\/\"},\"sameAs\":[\"https:\/\/www.facebook.com\/TauroEssiccatori\/\",\"https:\/\/www.instagram.com\/tauro_essiccatori\/\",\"https:\/\/it.linkedin.com\/company\/tauro-essiccatori\",\"https:\/\/www.youtube.com\/user\/tauroessiccatori\"]},{\"@type\":\"Person\",\"@id\":\"https:\/\/stor51.tauroessiccatori.com\/#\/schema\/person\/a9fa977808a18b840c7f94bacacf47ae\",\"name\":\"Tauro Editor\",\"image\":{\"@type\":\"ImageObject\",\"inLanguage\":\"fr-FR\",\"@id\":\"https:\/\/stor51.tauroessiccatori.com\/#\/schema\/person\/image\/\",\"url\":\"https:\/\/secure.gravatar.com\/avatar\/b557ca77f150c24c8ed284846901e83d?s=96&d=mm&r=g\",\"contentUrl\":\"https:\/\/secure.gravatar.com\/avatar\/b557ca77f150c24c8ed284846901e83d?s=96&d=mm&r=g\",\"caption\":\"Tauro Editor\"},\"sameAs\":[\"http:\/\/www.tauroessiccatori.com\"]}]}<\/script>\n<!-- \/ Yoast SEO plugin. -->","yoast_head_json":{"title":"27-29.03 | Sospesa la fiera di Vita in Campagna - Tauro Essiccatori","robots":{"index":"noindex","follow":"follow","max-snippet":"max-snippet:-1","max-image-preview":"max-image-preview:large","max-video-preview":"max-video-preview:-1"},"og_locale":"fr_FR","og_type":"article","og_title":"27-29.03 | Sospesa la fiera di Vita in Campagna - Tauro Essiccatori","og_description":"Metti un BIOSEC sotto l'Albero. SCOPRI QUI le promozioni di Natale! Gli sconti Black Friday sono qui! \u00a0 Clicca\u00a0per\u00a0non perderli \u2192 COMUNICAZIONE IMPORTANTE\u00a0 Con grande dispiacere dobbiamo comunicarvi che la fiera di Vita in campagna \u00e8 sospesa, viste le attuali ordinanze disposte dal Ministero della Salute alla luce dell&#8217;emergenza COVID-19, le misure di prevenzione in [&hellip;]","og_url":"https:\/\/stor51.tauroessiccatori.com\/fr\/2020\/02\/13\/tauro-alla-fiera-di-vita-in-campagna-decima-edizione-27-29-marzo-2020\/","og_site_name":"Tauro Essiccatori","article_publisher":"https:\/\/www.facebook.com\/TauroEssiccatori\/","article_published_time":"2020-02-13T11:40:24+00:00","article_modified_time":"2020-03-05T08:35:38+00:00","og_image":[{"width":1060,"height":666,"url":"https:\/\/stor51.tauroessiccatori.com\/wp-assets\/uploads\/2020\/02\/logo-vic-2020.jpg","type":"image\/jpeg"}],"author":"Tauro Editor","twitter_card":"summary_large_image","twitter_misc":{"Written by":"Tauro Editor","Est. reading time":"2 minutes"},"schema":{"@context":"https:\/\/schema.org","@graph":[{"@type":"Article","@id":"https:\/\/stor51.tauroessiccatori.com\/2020\/02\/13\/tauro-alla-fiera-di-vita-in-campagna-decima-edizione-27-29-marzo-2020\/#article","isPartOf":{"@id":"https:\/\/stor51.tauroessiccatori.com\/2020\/02\/13\/tauro-alla-fiera-di-vita-in-campagna-decima-edizione-27-29-marzo-2020\/"},"author":{"name":"Tauro Editor","@id":"https:\/\/stor51.tauroessiccatori.com\/#\/schema\/person\/a9fa977808a18b840c7f94bacacf47ae"},"headline":"27-29.03 | Sospesa la fiera di Vita in Campagna","datePublished":"2020-02-13T11:40:24+00:00","dateModified":"2020-03-05T08:35:38+00:00","mainEntityOfPage":{"@id":"https:\/\/stor51.tauroessiccatori.com\/2020\/02\/13\/tauro-alla-fiera-di-vita-in-campagna-decima-edizione-27-29-marzo-2020\/"},"wordCount":341,"publisher":{"@id":"https:\/\/stor51.tauroessiccatori.com\/#organization"},"articleSection":["Senza categoria"],"inLanguage":"fr-FR"},{"@type":"WebPage","@id":"https:\/\/stor51.tauroessiccatori.com\/2020\/02\/13\/tauro-alla-fiera-di-vita-in-campagna-decima-edizione-27-29-marzo-2020\/","url":"https:\/\/stor51.tauroessiccatori.com\/2020\/02\/13\/tauro-alla-fiera-di-vita-in-campagna-decima-edizione-27-29-marzo-2020\/","name":"27-29.03 | Sospesa la fiera di Vita in Campagna - Tauro Essiccatori","isPartOf":{"@id":"https:\/\/stor51.tauroessiccatori.com\/#website"},"datePublished":"2020-02-13T11:40:24+00:00","dateModified":"2020-03-05T08:35:38+00:00","breadcrumb":{"@id":"https:\/\/stor51.tauroessiccatori.com\/2020\/02\/13\/tauro-alla-fiera-di-vita-in-campagna-decima-edizione-27-29-marzo-2020\/#breadcrumb"},"inLanguage":"fr-FR","potentialAction":[{"@type":"ReadAction","target":["https:\/\/stor51.tauroessiccatori.com\/2020\/02\/13\/tauro-alla-fiera-di-vita-in-campagna-decima-edizione-27-29-marzo-2020\/"]}]},{"@type":"BreadcrumbList","@id":"https:\/\/stor51.tauroessiccatori.com\/2020\/02\/13\/tauro-alla-fiera-di-vita-in-campagna-decima-edizione-27-29-marzo-2020\/#breadcrumb","itemListElement":[{"@type":"ListItem","position":1,"name":"Home","item":"https:\/\/stor51.tauroessiccatori.com\/"},{"@type":"ListItem","position":2,"name":"27-29.03 | Sospesa la fiera di Vita in Campagna"}]},{"@type":"WebSite","@id":"https:\/\/stor51.tauroessiccatori.com\/#website","url":"https:\/\/stor51.tauroessiccatori.com\/","name":"Tauro Essiccatori","description":"Welcome to Tauro Essiccatori online shop","publisher":{"@id":"https:\/\/stor51.tauroessiccatori.com\/#organization"},"potentialAction":[{"@type":"SearchAction","target":{"@type":"EntryPoint","urlTemplate":"https:\/\/stor51.tauroessiccatori.com\/?s={search_term_string}"},"query-input":"required name=search_term_string"}],"inLanguage":"fr-FR"},{"@type":"Organization","@id":"https:\/\/stor51.tauroessiccatori.com\/#organization","name":"Tauro Essiccatori","url":"https:\/\/stor51.tauroessiccatori.com\/","logo":{"@type":"ImageObject","inLanguage":"fr-FR","@id":"https:\/\/stor51.tauroessiccatori.com\/#\/schema\/logo\/image\/","url":"https:\/\/www.tauroessiccatori.com\/wp-assets\/uploads\/2017\/07\/logo_tauro_500x109px.png","contentUrl":"https:\/\/www.tauroessiccatori.com\/wp-assets\/uploads\/2017\/07\/logo_tauro_500x109px.png","width":500,"height":109,"caption":"Tauro Essiccatori"},"image":{"@id":"https:\/\/stor51.tauroessiccatori.com\/#\/schema\/logo\/image\/"},"sameAs":["https:\/\/www.facebook.com\/TauroEssiccatori\/","https:\/\/www.instagram.com\/tauro_essiccatori\/","https:\/\/it.linkedin.com\/company\/tauro-essiccatori","https:\/\/www.youtube.com\/user\/tauroessiccatori"]},{"@type":"Person","@id":"https:\/\/stor51.tauroessiccatori.com\/#\/schema\/person\/a9fa977808a18b840c7f94bacacf47ae","name":"Tauro Editor","image":{"@type":"ImageObject","inLanguage":"fr-FR","@id":"https:\/\/stor51.tauroessiccatori.com\/#\/schema\/person\/image\/","url":"https:\/\/secure.gravatar.com\/avatar\/b557ca77f150c24c8ed284846901e83d?s=96&d=mm&r=g","contentUrl":"https:\/\/secure.gravatar.com\/avatar\/b557ca77f150c24c8ed284846901e83d?s=96&d=mm&r=g","caption":"Tauro Editor"},"sameAs":["http:\/\/www.tauroessiccatori.com"]}]}},"_links":{"self":[{"href":"https:\/\/stor51.tauroessiccatori.com\/fr\/wp-json\/wp\/v2\/posts\/17168"}],"collection":[{"href":"https:\/\/stor51.tauroessiccatori.com\/fr\/wp-json\/wp\/v2\/posts"}],"about":[{"href":"https:\/\/stor51.tauroessiccatori.com\/fr\/wp-json\/wp\/v2\/types\/post"}],"author":[{"embeddable":true,"href":"https:\/\/stor51.tauroessiccatori.com\/fr\/wp-json\/wp\/v2\/users\/6"}],"replies":[{"embeddable":true,"href":"https:\/\/stor51.tauroessiccatori.com\/fr\/wp-json\/wp\/v2\/comments?post=17168"}],"version-history":[{"count":14,"href":"https:\/\/stor51.tauroessiccatori.com\/fr\/wp-json\/wp\/v2\/posts\/17168\/revisions"}],"predecessor-version":[{"id":19350,"href":"https:\/\/stor51.tauroessiccatori.com\/fr\/wp-json\/wp\/v2\/posts\/17168\/revisions\/19350"}],"wp:featuredmedia":[{"embeddable":true,"href":"https:\/\/stor51.tauroessiccatori.com\/fr\/wp-json\/wp\/v2\/media\/17169"}],"wp:attachment":[{"href":"https:\/\/stor51.tauroessiccatori.com\/fr\/wp-json\/wp\/v2\/media?parent=17168"}],"wp:term":[{"taxonomy":"category","embeddable":true,"href":"https:\/\/stor51.tauroessiccatori.com\/fr\/wp-json\/wp\/v2\/categories?post=17168"},{"taxonomy":"post_tag","embeddable":true,"href":"https:\/\/stor51.tauroessiccatori.com\/fr\/wp-json\/wp\/v2\/tags?post=17168"}],"curies":[{"name":"wp","href":"https:\/\/api.w.org\/{rel}","templated":true}]}}