


{"id":15529,"date":"2019-10-16T00:00:00","date_gmt":"2019-10-15T22:00:00","guid":{"rendered":"https:\/\/www.tauroessiccatori.com\/2019\/10\/16\/7-10-10-tauro-espone-ad-agridirect-bolzano\/"},"modified":"2020-02-26T15:21:44","modified_gmt":"2020-02-26T14:21:44","slug":"7-10-10-tauro-espone-ad-agridirect-bolzano","status":"publish","type":"post","link":"https:\/\/stor51.tauroessiccatori.com\/fr\/2019\/10\/16\/7-10-10-tauro-expose-a-agridirect-bolzano\/","title":{"rendered":"7-10.10 | Bolzano : Tauro expose \u00e0 Agridirect"},"content":{"rendered":"<div class=\"tauro-banners\"><div class=\"banner-00\" style=\"background-color: #852035\">\r\n<div class=\"ix-xmas-box-other\" style=\"font-size: 18px;padding: 7px 0;margin: 0 auto 0px auto\" align=\"center\"><b style=\"color: #fff;font-size: 18px\">Placez un BIOSEC sous l'arbre. <a style=\"color: #f8cc89;font-weight: bold;text-decoration: none;font-size: 18px\" href=\"https:\/\/www.tauroessiccatori.com\/christmas-2024\/\">D\u00c9COUVRIR ICI<\/a> Promotions de No\u00ebl !<\/b><\/div>\r\n<\/div><div class=\"banner-00\" style=\"background-color: #000\">\r\n<div class=\"ix-xmas-box-other\" style=\"font-size: 18px;padding: 7px 0;margin: 0 auto 0px auto\" align=\"center\"><b style=\"color: #fff\"> Les r\u00e9ductions du vendredi noir sont l\u00e0 ! \u00a0 <a style=\"color: #f77209;font-weight: bold;text-decoration: none\" href=\"https:\/\/www.tauroessiccatori.com\/black-friday-2024\/\"> Cliquez pour ne pas les manquer \u2192 <\/a>\r\n<\/b><\/div>\r\n<\/div><\/div><p>A Bolzano ouvre ses portes <strong>Agridirect<\/strong>le plus important <strong>fiera agricola dell\u2019arco alpino<\/strong>connu dans toute la r\u00e9gion et point de rencontre depuis plus de 50 ans de tous ceux qui travaillent dans l'un des secteurs \u00e9conomiques les plus importants du pays.<\/p>\n<p>Tauro participera en tant qu'invit\u00e9 cette ann\u00e9e <strong>unit\u00e9 d'affichage<\/strong> \u00e0 l'int\u00e9rieur du stand de la <strong>Consortium agricole de Bolzano<\/strong>un point de r\u00e9f\u00e9rence pour tous les sujets li\u00e9s au jardinage, \u00e0 l'agriculture et au bricolage dans la r\u00e9gion de l'Europe de l'Est. <strong>Trentino Tyrol du Sud<\/strong>! Ce sera une excellente occasion de pr\u00e9senter et de vendre toute notre gamme de produits, des s\u00e9choirs domestiques (ligne Biosec) aux s\u00e9choirs professionnels (Biosec Pro et B.Master).<br \/>\nNous sommes tr\u00e8s fiers de participer \u00e0 cet \u00e9v\u00e9nement (cette ann\u00e9e avec Agrialp), qui offre aux producteurs du secteur une plateforme unique en Italie, une exposition sp\u00e9cialis\u00e9e dans la transformation, le conditionnement et la commercialisation directe des produits agricoles.<\/p>\n<p>En plus de notre entreprise, vous trouverez sur Agridirect de nombreuses autres exploitations agricoles et agritourismes, toujours \u00e0 la recherche de nouvelles informations, d'\u00e9quipements, de services et d'un \u00e9change comp\u00e9tent d'informations.<\/p>\n<p>Si vous \u00eates dans la r\u00e9gion, venez nous rendre visite ! Retrouvez-nous sur <strong>stand A03\/04<\/strong>,<strong> secteur A<\/strong>.<br \/>\nNous vous attendons !<\/p>","protected":false},"excerpt":{"rendered":"<p>Metti un BIOSEC sotto l&#8217;Albero. SCOPRI QUI le promozioni di Natale! Gli sconti Black Friday sono qui! \u00a0 Clicca\u00a0per\u00a0non perderli \u2192 A Bolzano sta per aprire i battenti Agridirect, la pi\u00f9 importante fiera agricola dell&#8217;arco alpino, conosciuta in tutta la regione e punto d&#8217;incontro da oltre 50 anni per tutti coloro che lavorano in uno [&hellip;]<\/p>","protected":false},"author":1,"featured_media":17392,"comment_status":"closed","ping_status":"closed","sticky":false,"template":"","format":"standard","meta":{"footnotes":""},"categories":[1],"tags":[308],"class_list":["post-15529","post","type-post","status-publish","format-standard","has-post-thumbnail","hentry","category-senza-categoria","tag-news-e-comunicazioni"],"acf":[],"yoast_head":"<!-- This site is optimized with the Yoast SEO plugin v20.10 - https:\/\/yoast.com\/wordpress\/plugins\/seo\/ -->\n<title>7-10.10 | Bolzano: Tauro espone ad Agridirect - Tauro Essiccatori<\/title>\n<meta name=\"robots\" content=\"noindex, follow, max-snippet:-1, max-image-preview:large, max-video-preview:-1\" \/>\n<meta property=\"og:locale\" content=\"fr_FR\" \/>\n<meta property=\"og:type\" content=\"article\" \/>\n<meta property=\"og:title\" content=\"7-10.10 | Bolzano: Tauro espone ad Agridirect - Tauro Essiccatori\" \/>\n<meta property=\"og:description\" content=\"Metti un BIOSEC sotto l&#039;Albero. SCOPRI QUI le promozioni di Natale! Gli sconti Black Friday sono qui! \u00a0 Clicca\u00a0per\u00a0non perderli \u2192 A Bolzano sta per aprire i battenti Agridirect, la pi\u00f9 importante fiera agricola dell&#8217;arco alpino, conosciuta in tutta la regione e punto d&#8217;incontro da oltre 50 anni per tutti coloro che lavorano in uno [&hellip;]\" \/>\n<meta property=\"og:url\" content=\"https:\/\/stor51.tauroessiccatori.com\/fr\/2019\/10\/16\/7-10-10-tauro-expose-a-agridirect-bolzano\/\" \/>\n<meta property=\"og:site_name\" content=\"Tauro Essiccatori\" \/>\n<meta property=\"article:publisher\" content=\"https:\/\/www.facebook.com\/TauroEssiccatori\/\" \/>\n<meta property=\"article:published_time\" content=\"2019-10-15T22:00:00+00:00\" \/>\n<meta property=\"article:modified_time\" content=\"2020-02-26T14:21:44+00:00\" \/>\n<meta property=\"og:image\" content=\"https:\/\/stor51.tauroessiccatori.com\/wp-assets\/uploads\/2020\/02\/agridirect-2019-1.png\" \/>\n\t<meta property=\"og:image:width\" content=\"625\" \/>\n\t<meta property=\"og:image:height\" content=\"378\" \/>\n\t<meta property=\"og:image:type\" content=\"image\/png\" \/>\n<meta name=\"author\" content=\"Tauro Admin\" \/>\n<meta name=\"twitter:card\" content=\"summary_large_image\" \/>\n<meta name=\"twitter:label1\" content=\"Written by\" \/>\n\t<meta name=\"twitter:data1\" content=\"Tauro Admin\" \/>\n\t<meta name=\"twitter:label2\" content=\"Est. reading time\" \/>\n\t<meta name=\"twitter:data2\" content=\"1 minute\" \/>\n<script type=\"application\/ld+json\" class=\"yoast-schema-graph\">{\"@context\":\"https:\/\/schema.org\",\"@graph\":[{\"@type\":\"Article\",\"@id\":\"https:\/\/stor51.tauroessiccatori.com\/2019\/10\/16\/7-10-10-tauro-espone-ad-agridirect-bolzano\/#article\",\"isPartOf\":{\"@id\":\"https:\/\/stor51.tauroessiccatori.com\/2019\/10\/16\/7-10-10-tauro-espone-ad-agridirect-bolzano\/\"},\"author\":{\"name\":\"Tauro Admin\",\"@id\":\"https:\/\/stor51.tauroessiccatori.com\/#\/schema\/person\/03c0696dc21f13e9b54b8b1ae60de53f\"},\"headline\":\"7-10.10 | Bolzano: Tauro espone ad Agridirect\",\"datePublished\":\"2019-10-15T22:00:00+00:00\",\"dateModified\":\"2020-02-26T14:21:44+00:00\",\"mainEntityOfPage\":{\"@id\":\"https:\/\/stor51.tauroessiccatori.com\/2019\/10\/16\/7-10-10-tauro-espone-ad-agridirect-bolzano\/\"},\"wordCount\":188,\"publisher\":{\"@id\":\"https:\/\/stor51.tauroessiccatori.com\/#organization\"},\"keywords\":[\"News e comunicazioni\"],\"articleSection\":[\"Senza categoria\"],\"inLanguage\":\"fr-FR\"},{\"@type\":\"WebPage\",\"@id\":\"https:\/\/stor51.tauroessiccatori.com\/2019\/10\/16\/7-10-10-tauro-espone-ad-agridirect-bolzano\/\",\"url\":\"https:\/\/stor51.tauroessiccatori.com\/2019\/10\/16\/7-10-10-tauro-espone-ad-agridirect-bolzano\/\",\"name\":\"7-10.10 | Bolzano: Tauro espone ad Agridirect - Tauro Essiccatori\",\"isPartOf\":{\"@id\":\"https:\/\/stor51.tauroessiccatori.com\/#website\"},\"datePublished\":\"2019-10-15T22:00:00+00:00\",\"dateModified\":\"2020-02-26T14:21:44+00:00\",\"breadcrumb\":{\"@id\":\"https:\/\/stor51.tauroessiccatori.com\/2019\/10\/16\/7-10-10-tauro-espone-ad-agridirect-bolzano\/#breadcrumb\"},\"inLanguage\":\"fr-FR\",\"potentialAction\":[{\"@type\":\"ReadAction\",\"target\":[\"https:\/\/stor51.tauroessiccatori.com\/2019\/10\/16\/7-10-10-tauro-espone-ad-agridirect-bolzano\/\"]}]},{\"@type\":\"BreadcrumbList\",\"@id\":\"https:\/\/stor51.tauroessiccatori.com\/2019\/10\/16\/7-10-10-tauro-espone-ad-agridirect-bolzano\/#breadcrumb\",\"itemListElement\":[{\"@type\":\"ListItem\",\"position\":1,\"name\":\"Home\",\"item\":\"https:\/\/stor51.tauroessiccatori.com\/\"},{\"@type\":\"ListItem\",\"position\":2,\"name\":\"7-10.10 | Bolzano: Tauro espone ad Agridirect\"}]},{\"@type\":\"WebSite\",\"@id\":\"https:\/\/stor51.tauroessiccatori.com\/#website\",\"url\":\"https:\/\/stor51.tauroessiccatori.com\/\",\"name\":\"Tauro Essiccatori\",\"description\":\"Welcome to Tauro Essiccatori online shop\",\"publisher\":{\"@id\":\"https:\/\/stor51.tauroessiccatori.com\/#organization\"},\"potentialAction\":[{\"@type\":\"SearchAction\",\"target\":{\"@type\":\"EntryPoint\",\"urlTemplate\":\"https:\/\/stor51.tauroessiccatori.com\/?s={search_term_string}\"},\"query-input\":\"required name=search_term_string\"}],\"inLanguage\":\"fr-FR\"},{\"@type\":\"Organization\",\"@id\":\"https:\/\/stor51.tauroessiccatori.com\/#organization\",\"name\":\"Tauro Essiccatori\",\"url\":\"https:\/\/stor51.tauroessiccatori.com\/\",\"logo\":{\"@type\":\"ImageObject\",\"inLanguage\":\"fr-FR\",\"@id\":\"https:\/\/stor51.tauroessiccatori.com\/#\/schema\/logo\/image\/\",\"url\":\"https:\/\/www.tauroessiccatori.com\/wp-assets\/uploads\/2017\/07\/logo_tauro_500x109px.png\",\"contentUrl\":\"https:\/\/www.tauroessiccatori.com\/wp-assets\/uploads\/2017\/07\/logo_tauro_500x109px.png\",\"width\":500,\"height\":109,\"caption\":\"Tauro Essiccatori\"},\"image\":{\"@id\":\"https:\/\/stor51.tauroessiccatori.com\/#\/schema\/logo\/image\/\"},\"sameAs\":[\"https:\/\/www.facebook.com\/TauroEssiccatori\/\",\"https:\/\/www.instagram.com\/tauro_essiccatori\/\",\"https:\/\/it.linkedin.com\/company\/tauro-essiccatori\",\"https:\/\/www.youtube.com\/user\/tauroessiccatori\"]},{\"@type\":\"Person\",\"@id\":\"https:\/\/stor51.tauroessiccatori.com\/#\/schema\/person\/03c0696dc21f13e9b54b8b1ae60de53f\",\"name\":\"Tauro Admin\",\"image\":{\"@type\":\"ImageObject\",\"inLanguage\":\"fr-FR\",\"@id\":\"https:\/\/stor51.tauroessiccatori.com\/#\/schema\/person\/image\/\",\"url\":\"https:\/\/secure.gravatar.com\/avatar\/948b1337cb044a83aa6474b5005f4ccb?s=96&d=mm&r=g\",\"contentUrl\":\"https:\/\/secure.gravatar.com\/avatar\/948b1337cb044a83aa6474b5005f4ccb?s=96&d=mm&r=g\",\"caption\":\"Tauro Admin\"}}]}<\/script>\n<!-- \/ Yoast SEO plugin. -->","yoast_head_json":{"title":"7-10.10 | Bolzano: Tauro espone ad Agridirect - Tauro Essiccatori","robots":{"index":"noindex","follow":"follow","max-snippet":"max-snippet:-1","max-image-preview":"max-image-preview:large","max-video-preview":"max-video-preview:-1"},"og_locale":"fr_FR","og_type":"article","og_title":"7-10.10 | Bolzano: Tauro espone ad Agridirect - Tauro Essiccatori","og_description":"Metti un BIOSEC sotto l'Albero. SCOPRI QUI le promozioni di Natale! Gli sconti Black Friday sono qui! \u00a0 Clicca\u00a0per\u00a0non perderli \u2192 A Bolzano sta per aprire i battenti Agridirect, la pi\u00f9 importante fiera agricola dell&#8217;arco alpino, conosciuta in tutta la regione e punto d&#8217;incontro da oltre 50 anni per tutti coloro che lavorano in uno [&hellip;]","og_url":"https:\/\/stor51.tauroessiccatori.com\/fr\/2019\/10\/16\/7-10-10-tauro-expose-a-agridirect-bolzano\/","og_site_name":"Tauro Essiccatori","article_publisher":"https:\/\/www.facebook.com\/TauroEssiccatori\/","article_published_time":"2019-10-15T22:00:00+00:00","article_modified_time":"2020-02-26T14:21:44+00:00","og_image":[{"width":625,"height":378,"url":"https:\/\/stor51.tauroessiccatori.com\/wp-assets\/uploads\/2020\/02\/agridirect-2019-1.png","type":"image\/png"}],"author":"Tauro Admin","twitter_card":"summary_large_image","twitter_misc":{"Written by":"Tauro Admin","Est. reading time":"1 minute"},"schema":{"@context":"https:\/\/schema.org","@graph":[{"@type":"Article","@id":"https:\/\/stor51.tauroessiccatori.com\/2019\/10\/16\/7-10-10-tauro-espone-ad-agridirect-bolzano\/#article","isPartOf":{"@id":"https:\/\/stor51.tauroessiccatori.com\/2019\/10\/16\/7-10-10-tauro-espone-ad-agridirect-bolzano\/"},"author":{"name":"Tauro Admin","@id":"https:\/\/stor51.tauroessiccatori.com\/#\/schema\/person\/03c0696dc21f13e9b54b8b1ae60de53f"},"headline":"7-10.10 | Bolzano: Tauro espone ad Agridirect","datePublished":"2019-10-15T22:00:00+00:00","dateModified":"2020-02-26T14:21:44+00:00","mainEntityOfPage":{"@id":"https:\/\/stor51.tauroessiccatori.com\/2019\/10\/16\/7-10-10-tauro-espone-ad-agridirect-bolzano\/"},"wordCount":188,"publisher":{"@id":"https:\/\/stor51.tauroessiccatori.com\/#organization"},"keywords":["News e comunicazioni"],"articleSection":["Senza categoria"],"inLanguage":"fr-FR"},{"@type":"WebPage","@id":"https:\/\/stor51.tauroessiccatori.com\/2019\/10\/16\/7-10-10-tauro-espone-ad-agridirect-bolzano\/","url":"https:\/\/stor51.tauroessiccatori.com\/2019\/10\/16\/7-10-10-tauro-espone-ad-agridirect-bolzano\/","name":"7-10.10 | Bolzano: Tauro espone ad Agridirect - Tauro Essiccatori","isPartOf":{"@id":"https:\/\/stor51.tauroessiccatori.com\/#website"},"datePublished":"2019-10-15T22:00:00+00:00","dateModified":"2020-02-26T14:21:44+00:00","breadcrumb":{"@id":"https:\/\/stor51.tauroessiccatori.com\/2019\/10\/16\/7-10-10-tauro-espone-ad-agridirect-bolzano\/#breadcrumb"},"inLanguage":"fr-FR","potentialAction":[{"@type":"ReadAction","target":["https:\/\/stor51.tauroessiccatori.com\/2019\/10\/16\/7-10-10-tauro-espone-ad-agridirect-bolzano\/"]}]},{"@type":"BreadcrumbList","@id":"https:\/\/stor51.tauroessiccatori.com\/2019\/10\/16\/7-10-10-tauro-espone-ad-agridirect-bolzano\/#breadcrumb","itemListElement":[{"@type":"ListItem","position":1,"name":"Home","item":"https:\/\/stor51.tauroessiccatori.com\/"},{"@type":"ListItem","position":2,"name":"7-10.10 | Bolzano: Tauro espone ad Agridirect"}]},{"@type":"WebSite","@id":"https:\/\/stor51.tauroessiccatori.com\/#website","url":"https:\/\/stor51.tauroessiccatori.com\/","name":"Tauro Essiccatori","description":"Welcome to Tauro Essiccatori online shop","publisher":{"@id":"https:\/\/stor51.tauroessiccatori.com\/#organization"},"potentialAction":[{"@type":"SearchAction","target":{"@type":"EntryPoint","urlTemplate":"https:\/\/stor51.tauroessiccatori.com\/?s={search_term_string}"},"query-input":"required name=search_term_string"}],"inLanguage":"fr-FR"},{"@type":"Organization","@id":"https:\/\/stor51.tauroessiccatori.com\/#organization","name":"Tauro Essiccatori","url":"https:\/\/stor51.tauroessiccatori.com\/","logo":{"@type":"ImageObject","inLanguage":"fr-FR","@id":"https:\/\/stor51.tauroessiccatori.com\/#\/schema\/logo\/image\/","url":"https:\/\/www.tauroessiccatori.com\/wp-assets\/uploads\/2017\/07\/logo_tauro_500x109px.png","contentUrl":"https:\/\/www.tauroessiccatori.com\/wp-assets\/uploads\/2017\/07\/logo_tauro_500x109px.png","width":500,"height":109,"caption":"Tauro Essiccatori"},"image":{"@id":"https:\/\/stor51.tauroessiccatori.com\/#\/schema\/logo\/image\/"},"sameAs":["https:\/\/www.facebook.com\/TauroEssiccatori\/","https:\/\/www.instagram.com\/tauro_essiccatori\/","https:\/\/it.linkedin.com\/company\/tauro-essiccatori","https:\/\/www.youtube.com\/user\/tauroessiccatori"]},{"@type":"Person","@id":"https:\/\/stor51.tauroessiccatori.com\/#\/schema\/person\/03c0696dc21f13e9b54b8b1ae60de53f","name":"Tauro Admin","image":{"@type":"ImageObject","inLanguage":"fr-FR","@id":"https:\/\/stor51.tauroessiccatori.com\/#\/schema\/person\/image\/","url":"https:\/\/secure.gravatar.com\/avatar\/948b1337cb044a83aa6474b5005f4ccb?s=96&d=mm&r=g","contentUrl":"https:\/\/secure.gravatar.com\/avatar\/948b1337cb044a83aa6474b5005f4ccb?s=96&d=mm&r=g","caption":"Tauro Admin"}}]}},"_links":{"self":[{"href":"https:\/\/stor51.tauroessiccatori.com\/fr\/wp-json\/wp\/v2\/posts\/15529"}],"collection":[{"href":"https:\/\/stor51.tauroessiccatori.com\/fr\/wp-json\/wp\/v2\/posts"}],"about":[{"href":"https:\/\/stor51.tauroessiccatori.com\/fr\/wp-json\/wp\/v2\/types\/post"}],"author":[{"embeddable":true,"href":"https:\/\/stor51.tauroessiccatori.com\/fr\/wp-json\/wp\/v2\/users\/1"}],"replies":[{"embeddable":true,"href":"https:\/\/stor51.tauroessiccatori.com\/fr\/wp-json\/wp\/v2\/comments?post=15529"}],"version-history":[{"count":3,"href":"https:\/\/stor51.tauroessiccatori.com\/fr\/wp-json\/wp\/v2\/posts\/15529\/revisions"}],"predecessor-version":[{"id":18562,"href":"https:\/\/stor51.tauroessiccatori.com\/fr\/wp-json\/wp\/v2\/posts\/15529\/revisions\/18562"}],"wp:featuredmedia":[{"embeddable":true,"href":"https:\/\/stor51.tauroessiccatori.com\/fr\/wp-json\/wp\/v2\/media\/17392"}],"wp:attachment":[{"href":"https:\/\/stor51.tauroessiccatori.com\/fr\/wp-json\/wp\/v2\/media?parent=15529"}],"wp:term":[{"taxonomy":"category","embeddable":true,"href":"https:\/\/stor51.tauroessiccatori.com\/fr\/wp-json\/wp\/v2\/categories?post=15529"},{"taxonomy":"post_tag","embeddable":true,"href":"https:\/\/stor51.tauroessiccatori.com\/fr\/wp-json\/wp\/v2\/tags?post=15529"}],"curies":[{"name":"wp","href":"https:\/\/api.w.org\/{rel}","templated":true}]}}