


{"id":17168,"date":"2020-02-13T12:40:24","date_gmt":"2020-02-13T11:40:24","guid":{"rendered":"https:\/\/www.tauroessiccatori.com\/?p=17168\/"},"modified":"2020-03-05T09:35:38","modified_gmt":"2020-03-05T08:35:38","slug":"tauro-alla-fiera-di-vita-in-campagna-decima-edizione-27-29-marzo-2020","status":"publish","type":"post","link":"https:\/\/stor51.tauroessiccatori.com\/es\/2020\/02\/13\/tauro-alla-fiera-di-vita-in-campagna-decima-edizione-27-29-marzo-2020\/","title":{"rendered":"27-29.03 | Se suspende la feria Vita in Campagna"},"content":{"rendered":"<div class=\"tauro-banners\"><div class=\"banner-00\" style=\"background-color: #852035\">\r\n<div class=\"ix-xmas-box-other\" style=\"font-size: 18px;padding: 7px 0;margin: 0 auto 0px auto\" align=\"center\"><b style=\"color: #fff;font-size: 18px\">Pon un BIOSEC debajo del \u00c1rbol. <a style=\"color: #f8cc89;font-weight: bold;text-decoration: none;font-size: 18px\" href=\"https:\/\/www.tauroessiccatori.com\/christmas-2024\/\">DESC\u00daBRALO AQU\u00cd<\/a> Promociones navide\u00f1as<\/b><\/div>\r\n<\/div><div class=\"banner-00\" style=\"background-color: #000\">\r\n<div class=\"ix-xmas-box-other\" style=\"font-size: 18px;padding: 7px 0;margin: 0 auto 0px auto\" align=\"center\"><b style=\"color: #fff\"> Ya est\u00e1n aqu\u00ed los descuentos del Black Friday \u00a0 <a style=\"color: #f77209;font-weight: bold;text-decoration: none\" href=\"https:\/\/www.tauroessiccatori.com\/black-friday-2024\/\"> Haz clic para no perd\u00e9rtelos \u2192 <\/a>\r\n<\/b><\/div>\r\n<\/div><\/div><p style=\"text-align: center\"><strong>COMUNICACI\u00d3N IMPORTANTE\u00a0<\/strong><\/p>\n<p><em>Lamentamos tener que comunicarles que la feria Vita in campagna queda suspendida, habida cuenta de las \u00f3rdenes vigentes dictadas por el Ministerio de Sanidad a la luz de la emergencia del COVID-19, de las medidas de prevenci\u00f3n vigentes en diversas regiones y de los consiguientes impedimentos organizativos. Le informaremos lo antes posible de las nuevas fechas de la exposici\u00f3n, a medida que evolucione la situaci\u00f3n.\u00a0\u00a0<\/em><\/p>\n<p style=\"text-align: center\">_____________________________________<\/p>\n<p><span class=\"ac-designer-copy\">Volveremos a estar all\u00ed este a\u00f1o, en la ineludible<\/span>\u00a0<a href=\"https:\/\/lafiera.vitaincampagna.it\/\" target=\"_blank\" rel=\"noopener noreferrer\"><span class=\"ac-designer-copy\">feria\u00a0<\/span><span class=\"ac-designer-copy\">evento de\u00a0<\/span><span class=\"ac-designer-copy\">La vida en el campo<\/span><\/a><span class=\"ac-designer-copy\">\u00a1celebrando 10 a\u00f1os de amor por la naturaleza y todas las actividades relacionadas con ella!\u00a0<br class=\"ac-designer-copy\" \/>Siempre nos encontrar\u00e1 en\u00a0<\/span><span class=\"ac-designer-copy\"><strong>sala 5<\/strong>, <strong>Pasillo B<\/strong>, <strong>puesto 3<\/strong>\u00a0<\/span><span class=\"ac-designer-copy\">\u00a1pero este a\u00f1o habr\u00e1 muchas sorpresas!<br class=\"ac-designer-copy\" \/><br class=\"ac-designer-copy\" \/>No faltar\u00e1n valiosos\u00a0<\/span><strong><span class=\"ac-designer-copy\">cursos\u00a0<\/span><\/strong><span class=\"ac-designer-copy\"><strong>Tauro en secado<\/strong>enriquecido por la presencia del<\/span><span class=\"ac-designer-copy\"><a href=\"https:\/\/www.chefdalicandro.it\/\" target=\"_blank\" rel=\"noopener noreferrer\"> Chef Dalicandro<\/a>. <\/span><span class=\"ac-designer-copy\">Podr\u00e1 asistir a los cursos del stand (a las 10.00, 12.00 y 16.30 horas) o al de la sala de cursos del pabell\u00f3n, a las 16.30 horas.\u00a0<\/span><\/p>\n<p>Entonces habr\u00e1 <strong>dos reuniones muy importantes<\/strong> con entusiastas del secado:<\/p>\n<h3><strong>Conferencia profesional sobre secado<\/strong><\/h3>\n<p><strong>Viernes 27 de marzo<\/strong>reuni\u00f3n en <strong>15.30 h<\/strong> para un <strong>conferencia<\/strong> titulado <strong>La artesan\u00eda del secado: normas, t\u00e9cnicas y estrategias para crear valor, del taller a la venta\".<\/strong>. La reuni\u00f3n est\u00e1 organizada por Tauro, con la presencia de <strong>socios<\/strong> expertos en seguridad en el lugar de trabajo, marketing para empresas y asesoramiento para una cocina profesional. Si desea m\u00e1s informaci\u00f3n sobre esta cita (a la que s\u00f3lo se puede acceder previa acreditaci\u00f3n), env\u00edenos un correo electr\u00f3nico a professional@tauroessiccatori.com.<\/p>\n<h3 style=\"text-align: left\"><strong>Descubra nuestros cursos gratuitos<\/strong><\/h3>\n<p><strong>S\u00e1bado 28 de marzo<\/strong>reuni\u00f3n en <strong>4 de la tarde.<\/strong> en el stand de Tauro para un nuevo <strong>reuni\u00f3n entre la Gente que Seca<\/strong> (por invitaci\u00f3n, escribiendo a comunicazione@tauroessiccatori.com). Como cada a\u00f1o, es una gran oportunidad para ponernos al d\u00eda, contarnos las \u00faltimas novedades y descubrimientos sobre el secado y c\u00f3mo sigue mejorando nuestras vidas. Adem\u00e1s, un bonito regalo para todos los que se inscriban en la reuni\u00f3n.<\/p>\n<p><span class=\"ac-designer-copy\">En todo momento, nuestro <\/span><span class=\"ac-designer-copy\">personal\u00a0<\/span>ser\u00e1\u00a0<span class=\"ac-designer-copy\">siempre a su disposici\u00f3n para darle\u00a0<\/span><span class=\"ac-designer-copy\">consejos\u00a0<\/span><span class=\"ac-designer-copy\">sobre la mejor manera de secar y mucho m\u00e1s... \u00a1vis\u00edtenos en Montichiari (BS)!<\/span><\/p>\n<p>Vuelva a leer esta noticia, \u00a1porque iremos comunicando m\u00e1s detalles a medida que se acerque la feria! Le estamos esperando.<\/p>","protected":false},"excerpt":{"rendered":"<p>Metti un BIOSEC sotto l&#8217;Albero. SCOPRI QUI le promozioni di Natale! Gli sconti Black Friday sono qui! \u00a0 Clicca\u00a0per\u00a0non perderli \u2192 COMUNICAZIONE IMPORTANTE\u00a0 Con grande dispiacere dobbiamo comunicarvi che la fiera di Vita in campagna \u00e8 sospesa, viste le attuali ordinanze disposte dal Ministero della Salute alla luce dell&#8217;emergenza COVID-19, le misure di prevenzione in [&hellip;]<\/p>","protected":false},"author":6,"featured_media":17169,"comment_status":"closed","ping_status":"open","sticky":false,"template":"","format":"standard","meta":{"footnotes":""},"categories":[1],"tags":[],"class_list":["post-17168","post","type-post","status-publish","format-standard","has-post-thumbnail","hentry","category-senza-categoria"],"acf":[],"yoast_head":"<!-- This site is optimized with the Yoast SEO plugin v20.10 - https:\/\/yoast.com\/wordpress\/plugins\/seo\/ -->\n<title>27-29.03 | Sospesa la fiera di Vita in Campagna - Tauro Essiccatori<\/title>\n<meta name=\"robots\" content=\"noindex, follow, max-snippet:-1, max-image-preview:large, max-video-preview:-1\" \/>\n<meta property=\"og:locale\" content=\"es_ES\" \/>\n<meta property=\"og:type\" content=\"article\" \/>\n<meta property=\"og:title\" content=\"27-29.03 | Sospesa la fiera di Vita in Campagna - Tauro Essiccatori\" \/>\n<meta property=\"og:description\" content=\"Metti un BIOSEC sotto l&#039;Albero. SCOPRI QUI le promozioni di Natale! Gli sconti Black Friday sono qui! \u00a0 Clicca\u00a0per\u00a0non perderli \u2192 COMUNICAZIONE IMPORTANTE\u00a0 Con grande dispiacere dobbiamo comunicarvi che la fiera di Vita in campagna \u00e8 sospesa, viste le attuali ordinanze disposte dal Ministero della Salute alla luce dell&#8217;emergenza COVID-19, le misure di prevenzione in [&hellip;]\" \/>\n<meta property=\"og:url\" content=\"https:\/\/stor51.tauroessiccatori.com\/es\/2020\/02\/13\/tauro-alla-fiera-di-vita-in-campagna-decima-edizione-27-29-marzo-2020\/\" \/>\n<meta property=\"og:site_name\" content=\"Tauro Essiccatori\" \/>\n<meta property=\"article:publisher\" content=\"https:\/\/www.facebook.com\/TauroEssiccatori\/\" \/>\n<meta property=\"article:published_time\" content=\"2020-02-13T11:40:24+00:00\" \/>\n<meta property=\"article:modified_time\" content=\"2020-03-05T08:35:38+00:00\" \/>\n<meta property=\"og:image\" content=\"https:\/\/stor51.tauroessiccatori.com\/wp-assets\/uploads\/2020\/02\/logo-vic-2020.jpg\" \/>\n\t<meta property=\"og:image:width\" content=\"1060\" \/>\n\t<meta property=\"og:image:height\" content=\"666\" \/>\n\t<meta property=\"og:image:type\" content=\"image\/jpeg\" \/>\n<meta name=\"author\" content=\"Tauro Editor\" \/>\n<meta name=\"twitter:card\" content=\"summary_large_image\" \/>\n<meta name=\"twitter:label1\" content=\"Written by\" \/>\n\t<meta name=\"twitter:data1\" content=\"Tauro Editor\" \/>\n\t<meta name=\"twitter:label2\" content=\"Est. reading time\" \/>\n\t<meta name=\"twitter:data2\" content=\"2 minutos\" \/>\n<script type=\"application\/ld+json\" class=\"yoast-schema-graph\">{\"@context\":\"https:\/\/schema.org\",\"@graph\":[{\"@type\":\"Article\",\"@id\":\"https:\/\/stor51.tauroessiccatori.com\/2020\/02\/13\/tauro-alla-fiera-di-vita-in-campagna-decima-edizione-27-29-marzo-2020\/#article\",\"isPartOf\":{\"@id\":\"https:\/\/stor51.tauroessiccatori.com\/2020\/02\/13\/tauro-alla-fiera-di-vita-in-campagna-decima-edizione-27-29-marzo-2020\/\"},\"author\":{\"name\":\"Tauro Editor\",\"@id\":\"https:\/\/stor51.tauroessiccatori.com\/#\/schema\/person\/a9fa977808a18b840c7f94bacacf47ae\"},\"headline\":\"27-29.03 | Sospesa la fiera di Vita in Campagna\",\"datePublished\":\"2020-02-13T11:40:24+00:00\",\"dateModified\":\"2020-03-05T08:35:38+00:00\",\"mainEntityOfPage\":{\"@id\":\"https:\/\/stor51.tauroessiccatori.com\/2020\/02\/13\/tauro-alla-fiera-di-vita-in-campagna-decima-edizione-27-29-marzo-2020\/\"},\"wordCount\":341,\"publisher\":{\"@id\":\"https:\/\/stor51.tauroessiccatori.com\/#organization\"},\"articleSection\":[\"Senza categoria\"],\"inLanguage\":\"es\"},{\"@type\":\"WebPage\",\"@id\":\"https:\/\/stor51.tauroessiccatori.com\/2020\/02\/13\/tauro-alla-fiera-di-vita-in-campagna-decima-edizione-27-29-marzo-2020\/\",\"url\":\"https:\/\/stor51.tauroessiccatori.com\/2020\/02\/13\/tauro-alla-fiera-di-vita-in-campagna-decima-edizione-27-29-marzo-2020\/\",\"name\":\"27-29.03 | Sospesa la fiera di Vita in Campagna - Tauro Essiccatori\",\"isPartOf\":{\"@id\":\"https:\/\/stor51.tauroessiccatori.com\/#website\"},\"datePublished\":\"2020-02-13T11:40:24+00:00\",\"dateModified\":\"2020-03-05T08:35:38+00:00\",\"breadcrumb\":{\"@id\":\"https:\/\/stor51.tauroessiccatori.com\/2020\/02\/13\/tauro-alla-fiera-di-vita-in-campagna-decima-edizione-27-29-marzo-2020\/#breadcrumb\"},\"inLanguage\":\"es\",\"potentialAction\":[{\"@type\":\"ReadAction\",\"target\":[\"https:\/\/stor51.tauroessiccatori.com\/2020\/02\/13\/tauro-alla-fiera-di-vita-in-campagna-decima-edizione-27-29-marzo-2020\/\"]}]},{\"@type\":\"BreadcrumbList\",\"@id\":\"https:\/\/stor51.tauroessiccatori.com\/2020\/02\/13\/tauro-alla-fiera-di-vita-in-campagna-decima-edizione-27-29-marzo-2020\/#breadcrumb\",\"itemListElement\":[{\"@type\":\"ListItem\",\"position\":1,\"name\":\"Home\",\"item\":\"https:\/\/stor51.tauroessiccatori.com\/\"},{\"@type\":\"ListItem\",\"position\":2,\"name\":\"27-29.03 | Sospesa la fiera di Vita in Campagna\"}]},{\"@type\":\"WebSite\",\"@id\":\"https:\/\/stor51.tauroessiccatori.com\/#website\",\"url\":\"https:\/\/stor51.tauroessiccatori.com\/\",\"name\":\"Tauro Essiccatori\",\"description\":\"Welcome to Tauro Essiccatori online shop\",\"publisher\":{\"@id\":\"https:\/\/stor51.tauroessiccatori.com\/#organization\"},\"potentialAction\":[{\"@type\":\"SearchAction\",\"target\":{\"@type\":\"EntryPoint\",\"urlTemplate\":\"https:\/\/stor51.tauroessiccatori.com\/?s={search_term_string}\"},\"query-input\":\"required name=search_term_string\"}],\"inLanguage\":\"es\"},{\"@type\":\"Organization\",\"@id\":\"https:\/\/stor51.tauroessiccatori.com\/#organization\",\"name\":\"Tauro Essiccatori\",\"url\":\"https:\/\/stor51.tauroessiccatori.com\/\",\"logo\":{\"@type\":\"ImageObject\",\"inLanguage\":\"es\",\"@id\":\"https:\/\/stor51.tauroessiccatori.com\/#\/schema\/logo\/image\/\",\"url\":\"https:\/\/www.tauroessiccatori.com\/wp-assets\/uploads\/2017\/07\/logo_tauro_500x109px.png\",\"contentUrl\":\"https:\/\/www.tauroessiccatori.com\/wp-assets\/uploads\/2017\/07\/logo_tauro_500x109px.png\",\"width\":500,\"height\":109,\"caption\":\"Tauro Essiccatori\"},\"image\":{\"@id\":\"https:\/\/stor51.tauroessiccatori.com\/#\/schema\/logo\/image\/\"},\"sameAs\":[\"https:\/\/www.facebook.com\/TauroEssiccatori\/\",\"https:\/\/www.instagram.com\/tauro_essiccatori\/\",\"https:\/\/it.linkedin.com\/company\/tauro-essiccatori\",\"https:\/\/www.youtube.com\/user\/tauroessiccatori\"]},{\"@type\":\"Person\",\"@id\":\"https:\/\/stor51.tauroessiccatori.com\/#\/schema\/person\/a9fa977808a18b840c7f94bacacf47ae\",\"name\":\"Tauro Editor\",\"image\":{\"@type\":\"ImageObject\",\"inLanguage\":\"es\",\"@id\":\"https:\/\/stor51.tauroessiccatori.com\/#\/schema\/person\/image\/\",\"url\":\"https:\/\/secure.gravatar.com\/avatar\/b557ca77f150c24c8ed284846901e83d?s=96&d=mm&r=g\",\"contentUrl\":\"https:\/\/secure.gravatar.com\/avatar\/b557ca77f150c24c8ed284846901e83d?s=96&d=mm&r=g\",\"caption\":\"Tauro Editor\"},\"sameAs\":[\"http:\/\/www.tauroessiccatori.com\"]}]}<\/script>\n<!-- \/ Yoast SEO plugin. -->","yoast_head_json":{"title":"27-29.03 | Sospesa la fiera di Vita in Campagna - Tauro Essiccatori","robots":{"index":"noindex","follow":"follow","max-snippet":"max-snippet:-1","max-image-preview":"max-image-preview:large","max-video-preview":"max-video-preview:-1"},"og_locale":"es_ES","og_type":"article","og_title":"27-29.03 | Sospesa la fiera di Vita in Campagna - Tauro Essiccatori","og_description":"Metti un BIOSEC sotto l'Albero. SCOPRI QUI le promozioni di Natale! Gli sconti Black Friday sono qui! \u00a0 Clicca\u00a0per\u00a0non perderli \u2192 COMUNICAZIONE IMPORTANTE\u00a0 Con grande dispiacere dobbiamo comunicarvi che la fiera di Vita in campagna \u00e8 sospesa, viste le attuali ordinanze disposte dal Ministero della Salute alla luce dell&#8217;emergenza COVID-19, le misure di prevenzione in [&hellip;]","og_url":"https:\/\/stor51.tauroessiccatori.com\/es\/2020\/02\/13\/tauro-alla-fiera-di-vita-in-campagna-decima-edizione-27-29-marzo-2020\/","og_site_name":"Tauro Essiccatori","article_publisher":"https:\/\/www.facebook.com\/TauroEssiccatori\/","article_published_time":"2020-02-13T11:40:24+00:00","article_modified_time":"2020-03-05T08:35:38+00:00","og_image":[{"width":1060,"height":666,"url":"https:\/\/stor51.tauroessiccatori.com\/wp-assets\/uploads\/2020\/02\/logo-vic-2020.jpg","type":"image\/jpeg"}],"author":"Tauro Editor","twitter_card":"summary_large_image","twitter_misc":{"Written by":"Tauro Editor","Est. reading time":"2 minutos"},"schema":{"@context":"https:\/\/schema.org","@graph":[{"@type":"Article","@id":"https:\/\/stor51.tauroessiccatori.com\/2020\/02\/13\/tauro-alla-fiera-di-vita-in-campagna-decima-edizione-27-29-marzo-2020\/#article","isPartOf":{"@id":"https:\/\/stor51.tauroessiccatori.com\/2020\/02\/13\/tauro-alla-fiera-di-vita-in-campagna-decima-edizione-27-29-marzo-2020\/"},"author":{"name":"Tauro Editor","@id":"https:\/\/stor51.tauroessiccatori.com\/#\/schema\/person\/a9fa977808a18b840c7f94bacacf47ae"},"headline":"27-29.03 | Sospesa la fiera di Vita in Campagna","datePublished":"2020-02-13T11:40:24+00:00","dateModified":"2020-03-05T08:35:38+00:00","mainEntityOfPage":{"@id":"https:\/\/stor51.tauroessiccatori.com\/2020\/02\/13\/tauro-alla-fiera-di-vita-in-campagna-decima-edizione-27-29-marzo-2020\/"},"wordCount":341,"publisher":{"@id":"https:\/\/stor51.tauroessiccatori.com\/#organization"},"articleSection":["Senza categoria"],"inLanguage":"es"},{"@type":"WebPage","@id":"https:\/\/stor51.tauroessiccatori.com\/2020\/02\/13\/tauro-alla-fiera-di-vita-in-campagna-decima-edizione-27-29-marzo-2020\/","url":"https:\/\/stor51.tauroessiccatori.com\/2020\/02\/13\/tauro-alla-fiera-di-vita-in-campagna-decima-edizione-27-29-marzo-2020\/","name":"27-29.03 | Sospesa la fiera di Vita in Campagna - Tauro Essiccatori","isPartOf":{"@id":"https:\/\/stor51.tauroessiccatori.com\/#website"},"datePublished":"2020-02-13T11:40:24+00:00","dateModified":"2020-03-05T08:35:38+00:00","breadcrumb":{"@id":"https:\/\/stor51.tauroessiccatori.com\/2020\/02\/13\/tauro-alla-fiera-di-vita-in-campagna-decima-edizione-27-29-marzo-2020\/#breadcrumb"},"inLanguage":"es","potentialAction":[{"@type":"ReadAction","target":["https:\/\/stor51.tauroessiccatori.com\/2020\/02\/13\/tauro-alla-fiera-di-vita-in-campagna-decima-edizione-27-29-marzo-2020\/"]}]},{"@type":"BreadcrumbList","@id":"https:\/\/stor51.tauroessiccatori.com\/2020\/02\/13\/tauro-alla-fiera-di-vita-in-campagna-decima-edizione-27-29-marzo-2020\/#breadcrumb","itemListElement":[{"@type":"ListItem","position":1,"name":"Home","item":"https:\/\/stor51.tauroessiccatori.com\/"},{"@type":"ListItem","position":2,"name":"27-29.03 | Sospesa la fiera di Vita in Campagna"}]},{"@type":"WebSite","@id":"https:\/\/stor51.tauroessiccatori.com\/#website","url":"https:\/\/stor51.tauroessiccatori.com\/","name":"Tauro Essiccatori","description":"Welcome to Tauro Essiccatori online shop","publisher":{"@id":"https:\/\/stor51.tauroessiccatori.com\/#organization"},"potentialAction":[{"@type":"SearchAction","target":{"@type":"EntryPoint","urlTemplate":"https:\/\/stor51.tauroessiccatori.com\/?s={search_term_string}"},"query-input":"required name=search_term_string"}],"inLanguage":"es"},{"@type":"Organization","@id":"https:\/\/stor51.tauroessiccatori.com\/#organization","name":"Tauro Essiccatori","url":"https:\/\/stor51.tauroessiccatori.com\/","logo":{"@type":"ImageObject","inLanguage":"es","@id":"https:\/\/stor51.tauroessiccatori.com\/#\/schema\/logo\/image\/","url":"https:\/\/www.tauroessiccatori.com\/wp-assets\/uploads\/2017\/07\/logo_tauro_500x109px.png","contentUrl":"https:\/\/www.tauroessiccatori.com\/wp-assets\/uploads\/2017\/07\/logo_tauro_500x109px.png","width":500,"height":109,"caption":"Tauro Essiccatori"},"image":{"@id":"https:\/\/stor51.tauroessiccatori.com\/#\/schema\/logo\/image\/"},"sameAs":["https:\/\/www.facebook.com\/TauroEssiccatori\/","https:\/\/www.instagram.com\/tauro_essiccatori\/","https:\/\/it.linkedin.com\/company\/tauro-essiccatori","https:\/\/www.youtube.com\/user\/tauroessiccatori"]},{"@type":"Person","@id":"https:\/\/stor51.tauroessiccatori.com\/#\/schema\/person\/a9fa977808a18b840c7f94bacacf47ae","name":"Tauro Editor","image":{"@type":"ImageObject","inLanguage":"es","@id":"https:\/\/stor51.tauroessiccatori.com\/#\/schema\/person\/image\/","url":"https:\/\/secure.gravatar.com\/avatar\/b557ca77f150c24c8ed284846901e83d?s=96&d=mm&r=g","contentUrl":"https:\/\/secure.gravatar.com\/avatar\/b557ca77f150c24c8ed284846901e83d?s=96&d=mm&r=g","caption":"Tauro Editor"},"sameAs":["http:\/\/www.tauroessiccatori.com"]}]}},"_links":{"self":[{"href":"https:\/\/stor51.tauroessiccatori.com\/es\/wp-json\/wp\/v2\/posts\/17168"}],"collection":[{"href":"https:\/\/stor51.tauroessiccatori.com\/es\/wp-json\/wp\/v2\/posts"}],"about":[{"href":"https:\/\/stor51.tauroessiccatori.com\/es\/wp-json\/wp\/v2\/types\/post"}],"author":[{"embeddable":true,"href":"https:\/\/stor51.tauroessiccatori.com\/es\/wp-json\/wp\/v2\/users\/6"}],"replies":[{"embeddable":true,"href":"https:\/\/stor51.tauroessiccatori.com\/es\/wp-json\/wp\/v2\/comments?post=17168"}],"version-history":[{"count":14,"href":"https:\/\/stor51.tauroessiccatori.com\/es\/wp-json\/wp\/v2\/posts\/17168\/revisions"}],"predecessor-version":[{"id":19350,"href":"https:\/\/stor51.tauroessiccatori.com\/es\/wp-json\/wp\/v2\/posts\/17168\/revisions\/19350"}],"wp:featuredmedia":[{"embeddable":true,"href":"https:\/\/stor51.tauroessiccatori.com\/es\/wp-json\/wp\/v2\/media\/17169"}],"wp:attachment":[{"href":"https:\/\/stor51.tauroessiccatori.com\/es\/wp-json\/wp\/v2\/media?parent=17168"}],"wp:term":[{"taxonomy":"category","embeddable":true,"href":"https:\/\/stor51.tauroessiccatori.com\/es\/wp-json\/wp\/v2\/categories?post=17168"},{"taxonomy":"post_tag","embeddable":true,"href":"https:\/\/stor51.tauroessiccatori.com\/es\/wp-json\/wp\/v2\/tags?post=17168"}],"curies":[{"name":"wp","href":"https:\/\/api.w.org\/{rel}","templated":true}]}}