


{"id":15529,"date":"2019-10-16T00:00:00","date_gmt":"2019-10-15T22:00:00","guid":{"rendered":"https:\/\/www.tauroessiccatori.com\/2019\/10\/16\/7-10-10-tauro-espone-ad-agridirect-bolzano\/"},"modified":"2020-02-26T15:21:44","modified_gmt":"2020-02-26T14:21:44","slug":"7-10-10-tauro-espone-ad-agridirect-bolzano","status":"publish","type":"post","link":"https:\/\/stor51.tauroessiccatori.com\/es\/2019\/10\/16\/7-10-10-tauro-expone-en-agridirect-bolzano\/","title":{"rendered":"7-10.10 | Bolzano: Tauro expone en Agridirect"},"content":{"rendered":"<div class=\"tauro-banners\"><div class=\"banner-00\" style=\"background-color: #852035\">\r\n<div class=\"ix-xmas-box-other\" style=\"font-size: 18px;padding: 7px 0;margin: 0 auto 0px auto\" align=\"center\"><b style=\"color: #fff;font-size: 18px\">Pon un BIOSEC debajo del \u00c1rbol. <a style=\"color: #f8cc89;font-weight: bold;text-decoration: none;font-size: 18px\" href=\"https:\/\/www.tauroessiccatori.com\/christmas-2024\/\">DESC\u00daBRALO AQU\u00cd<\/a> Promociones navide\u00f1as<\/b><\/div>\r\n<\/div><div class=\"banner-00\" style=\"background-color: #000\">\r\n<div class=\"ix-xmas-box-other\" style=\"font-size: 18px;padding: 7px 0;margin: 0 auto 0px auto\" align=\"center\"><b style=\"color: #fff\"> Ya est\u00e1n aqu\u00ed los descuentos del Black Friday \u00a0 <a style=\"color: #f77209;font-weight: bold;text-decoration: none\" href=\"https:\/\/www.tauroessiccatori.com\/black-friday-2024\/\"> Haz clic para no perd\u00e9rtelos \u2192 <\/a>\r\n<\/b><\/div>\r\n<\/div><\/div><p>En Bolzano abre sus puertas <strong>Agridirect<\/strong>lo m\u00e1s importante <strong>feria agr\u00edcola del arco alpino<\/strong>conocida en toda la regi\u00f3n y punto de encuentro desde hace m\u00e1s de 50 a\u00f1os de todos los que trabajan en uno de los sectores econ\u00f3micos m\u00e1s importantes del pa\u00eds.<\/p>\n<p>Tauro participar\u00e1 como invitado este a\u00f1o <strong>unidad de visualizaci\u00f3n<\/strong> dentro del stand de la <strong>Consorcio Agr\u00edcola de Bolzano<\/strong>un punto de referencia para todos los temas relacionados con la jardiner\u00eda, la agricultura y el bricolaje en el <strong>Trentino Tirol del Sur<\/strong>\u00a1! Ser\u00e1 una excelente oportunidad para presentar y vender toda nuestra l\u00ednea de productos, desde los secadores dom\u00e9sticos (l\u00ednea Biosec) hasta los profesionales (Biosec Pro y B.Master).<br \/>\nEstamos muy orgullosos de participar en este evento (este a\u00f1o junto con Agrialp), que ofrece a los productores del sector una plataforma \u00fanica en Italia, una exposici\u00f3n especializada en la transformaci\u00f3n, el envasado y la comercializaci\u00f3n directa de productos agr\u00edcolas.<\/p>\n<p>Adem\u00e1s de nuestra empresa, en Agridirect encontrar\u00e1 muchas otras explotaciones y agroturismos, siempre a la b\u00fasqueda de nueva informaci\u00f3n, equipos, servicios y un intercambio competente de informaci\u00f3n.<\/p>\n<p>Si est\u00e1 por la zona, vis\u00edtenos. Encu\u00e9ntrenos en <strong>stand A03\/04<\/strong>,<strong> Sector A<\/strong>.<br \/>\nLe estamos esperando.<\/p>","protected":false},"excerpt":{"rendered":"<p>Metti un BIOSEC sotto l&#8217;Albero. SCOPRI QUI le promozioni di Natale! Gli sconti Black Friday sono qui! \u00a0 Clicca\u00a0per\u00a0non perderli \u2192 A Bolzano sta per aprire i battenti Agridirect, la pi\u00f9 importante fiera agricola dell&#8217;arco alpino, conosciuta in tutta la regione e punto d&#8217;incontro da oltre 50 anni per tutti coloro che lavorano in uno [&hellip;]<\/p>","protected":false},"author":1,"featured_media":17392,"comment_status":"closed","ping_status":"closed","sticky":false,"template":"","format":"standard","meta":{"footnotes":""},"categories":[1],"tags":[308],"class_list":["post-15529","post","type-post","status-publish","format-standard","has-post-thumbnail","hentry","category-senza-categoria","tag-news-e-comunicazioni"],"acf":[],"yoast_head":"<!-- This site is optimized with the Yoast SEO plugin v20.10 - https:\/\/yoast.com\/wordpress\/plugins\/seo\/ -->\n<title>7-10.10 | Bolzano: Tauro espone ad Agridirect - Tauro Essiccatori<\/title>\n<meta name=\"robots\" content=\"noindex, follow, max-snippet:-1, max-image-preview:large, max-video-preview:-1\" \/>\n<meta property=\"og:locale\" content=\"es_ES\" \/>\n<meta property=\"og:type\" content=\"article\" \/>\n<meta property=\"og:title\" content=\"7-10.10 | Bolzano: Tauro espone ad Agridirect - Tauro Essiccatori\" \/>\n<meta property=\"og:description\" content=\"Metti un BIOSEC sotto l&#039;Albero. SCOPRI QUI le promozioni di Natale! Gli sconti Black Friday sono qui! \u00a0 Clicca\u00a0per\u00a0non perderli \u2192 A Bolzano sta per aprire i battenti Agridirect, la pi\u00f9 importante fiera agricola dell&#8217;arco alpino, conosciuta in tutta la regione e punto d&#8217;incontro da oltre 50 anni per tutti coloro che lavorano in uno [&hellip;]\" \/>\n<meta property=\"og:url\" content=\"https:\/\/stor51.tauroessiccatori.com\/es\/2019\/10\/16\/7-10-10-tauro-expone-en-agridirect-bolzano\/\" \/>\n<meta property=\"og:site_name\" content=\"Tauro Essiccatori\" \/>\n<meta property=\"article:publisher\" content=\"https:\/\/www.facebook.com\/TauroEssiccatori\/\" \/>\n<meta property=\"article:published_time\" content=\"2019-10-15T22:00:00+00:00\" \/>\n<meta property=\"article:modified_time\" content=\"2020-02-26T14:21:44+00:00\" \/>\n<meta property=\"og:image\" content=\"https:\/\/stor51.tauroessiccatori.com\/wp-assets\/uploads\/2020\/02\/agridirect-2019-1.png\" \/>\n\t<meta property=\"og:image:width\" content=\"625\" \/>\n\t<meta property=\"og:image:height\" content=\"378\" \/>\n\t<meta property=\"og:image:type\" content=\"image\/png\" \/>\n<meta name=\"author\" content=\"Tauro Admin\" \/>\n<meta name=\"twitter:card\" content=\"summary_large_image\" \/>\n<meta name=\"twitter:label1\" content=\"Written by\" \/>\n\t<meta name=\"twitter:data1\" content=\"Tauro Admin\" \/>\n\t<meta name=\"twitter:label2\" content=\"Est. reading time\" \/>\n\t<meta name=\"twitter:data2\" content=\"1 minuto\" \/>\n<script type=\"application\/ld+json\" class=\"yoast-schema-graph\">{\"@context\":\"https:\/\/schema.org\",\"@graph\":[{\"@type\":\"Article\",\"@id\":\"https:\/\/stor51.tauroessiccatori.com\/2019\/10\/16\/7-10-10-tauro-espone-ad-agridirect-bolzano\/#article\",\"isPartOf\":{\"@id\":\"https:\/\/stor51.tauroessiccatori.com\/2019\/10\/16\/7-10-10-tauro-espone-ad-agridirect-bolzano\/\"},\"author\":{\"name\":\"Tauro Admin\",\"@id\":\"https:\/\/stor51.tauroessiccatori.com\/#\/schema\/person\/03c0696dc21f13e9b54b8b1ae60de53f\"},\"headline\":\"7-10.10 | Bolzano: Tauro espone ad Agridirect\",\"datePublished\":\"2019-10-15T22:00:00+00:00\",\"dateModified\":\"2020-02-26T14:21:44+00:00\",\"mainEntityOfPage\":{\"@id\":\"https:\/\/stor51.tauroessiccatori.com\/2019\/10\/16\/7-10-10-tauro-espone-ad-agridirect-bolzano\/\"},\"wordCount\":188,\"publisher\":{\"@id\":\"https:\/\/stor51.tauroessiccatori.com\/#organization\"},\"keywords\":[\"News e comunicazioni\"],\"articleSection\":[\"Senza categoria\"],\"inLanguage\":\"es\"},{\"@type\":\"WebPage\",\"@id\":\"https:\/\/stor51.tauroessiccatori.com\/2019\/10\/16\/7-10-10-tauro-espone-ad-agridirect-bolzano\/\",\"url\":\"https:\/\/stor51.tauroessiccatori.com\/2019\/10\/16\/7-10-10-tauro-espone-ad-agridirect-bolzano\/\",\"name\":\"7-10.10 | Bolzano: Tauro espone ad Agridirect - Tauro Essiccatori\",\"isPartOf\":{\"@id\":\"https:\/\/stor51.tauroessiccatori.com\/#website\"},\"datePublished\":\"2019-10-15T22:00:00+00:00\",\"dateModified\":\"2020-02-26T14:21:44+00:00\",\"breadcrumb\":{\"@id\":\"https:\/\/stor51.tauroessiccatori.com\/2019\/10\/16\/7-10-10-tauro-espone-ad-agridirect-bolzano\/#breadcrumb\"},\"inLanguage\":\"es\",\"potentialAction\":[{\"@type\":\"ReadAction\",\"target\":[\"https:\/\/stor51.tauroessiccatori.com\/2019\/10\/16\/7-10-10-tauro-espone-ad-agridirect-bolzano\/\"]}]},{\"@type\":\"BreadcrumbList\",\"@id\":\"https:\/\/stor51.tauroessiccatori.com\/2019\/10\/16\/7-10-10-tauro-espone-ad-agridirect-bolzano\/#breadcrumb\",\"itemListElement\":[{\"@type\":\"ListItem\",\"position\":1,\"name\":\"Home\",\"item\":\"https:\/\/stor51.tauroessiccatori.com\/\"},{\"@type\":\"ListItem\",\"position\":2,\"name\":\"7-10.10 | Bolzano: Tauro espone ad Agridirect\"}]},{\"@type\":\"WebSite\",\"@id\":\"https:\/\/stor51.tauroessiccatori.com\/#website\",\"url\":\"https:\/\/stor51.tauroessiccatori.com\/\",\"name\":\"Tauro Essiccatori\",\"description\":\"Welcome to Tauro Essiccatori online shop\",\"publisher\":{\"@id\":\"https:\/\/stor51.tauroessiccatori.com\/#organization\"},\"potentialAction\":[{\"@type\":\"SearchAction\",\"target\":{\"@type\":\"EntryPoint\",\"urlTemplate\":\"https:\/\/stor51.tauroessiccatori.com\/?s={search_term_string}\"},\"query-input\":\"required name=search_term_string\"}],\"inLanguage\":\"es\"},{\"@type\":\"Organization\",\"@id\":\"https:\/\/stor51.tauroessiccatori.com\/#organization\",\"name\":\"Tauro Essiccatori\",\"url\":\"https:\/\/stor51.tauroessiccatori.com\/\",\"logo\":{\"@type\":\"ImageObject\",\"inLanguage\":\"es\",\"@id\":\"https:\/\/stor51.tauroessiccatori.com\/#\/schema\/logo\/image\/\",\"url\":\"https:\/\/www.tauroessiccatori.com\/wp-assets\/uploads\/2017\/07\/logo_tauro_500x109px.png\",\"contentUrl\":\"https:\/\/www.tauroessiccatori.com\/wp-assets\/uploads\/2017\/07\/logo_tauro_500x109px.png\",\"width\":500,\"height\":109,\"caption\":\"Tauro Essiccatori\"},\"image\":{\"@id\":\"https:\/\/stor51.tauroessiccatori.com\/#\/schema\/logo\/image\/\"},\"sameAs\":[\"https:\/\/www.facebook.com\/TauroEssiccatori\/\",\"https:\/\/www.instagram.com\/tauro_essiccatori\/\",\"https:\/\/it.linkedin.com\/company\/tauro-essiccatori\",\"https:\/\/www.youtube.com\/user\/tauroessiccatori\"]},{\"@type\":\"Person\",\"@id\":\"https:\/\/stor51.tauroessiccatori.com\/#\/schema\/person\/03c0696dc21f13e9b54b8b1ae60de53f\",\"name\":\"Tauro Admin\",\"image\":{\"@type\":\"ImageObject\",\"inLanguage\":\"es\",\"@id\":\"https:\/\/stor51.tauroessiccatori.com\/#\/schema\/person\/image\/\",\"url\":\"https:\/\/secure.gravatar.com\/avatar\/948b1337cb044a83aa6474b5005f4ccb?s=96&d=mm&r=g\",\"contentUrl\":\"https:\/\/secure.gravatar.com\/avatar\/948b1337cb044a83aa6474b5005f4ccb?s=96&d=mm&r=g\",\"caption\":\"Tauro Admin\"}}]}<\/script>\n<!-- \/ Yoast SEO plugin. -->","yoast_head_json":{"title":"7-10.10 | Bolzano: Tauro espone ad Agridirect - Tauro Essiccatori","robots":{"index":"noindex","follow":"follow","max-snippet":"max-snippet:-1","max-image-preview":"max-image-preview:large","max-video-preview":"max-video-preview:-1"},"og_locale":"es_ES","og_type":"article","og_title":"7-10.10 | Bolzano: Tauro espone ad Agridirect - Tauro Essiccatori","og_description":"Metti un BIOSEC sotto l'Albero. SCOPRI QUI le promozioni di Natale! Gli sconti Black Friday sono qui! \u00a0 Clicca\u00a0per\u00a0non perderli \u2192 A Bolzano sta per aprire i battenti Agridirect, la pi\u00f9 importante fiera agricola dell&#8217;arco alpino, conosciuta in tutta la regione e punto d&#8217;incontro da oltre 50 anni per tutti coloro che lavorano in uno [&hellip;]","og_url":"https:\/\/stor51.tauroessiccatori.com\/es\/2019\/10\/16\/7-10-10-tauro-expone-en-agridirect-bolzano\/","og_site_name":"Tauro Essiccatori","article_publisher":"https:\/\/www.facebook.com\/TauroEssiccatori\/","article_published_time":"2019-10-15T22:00:00+00:00","article_modified_time":"2020-02-26T14:21:44+00:00","og_image":[{"width":625,"height":378,"url":"https:\/\/stor51.tauroessiccatori.com\/wp-assets\/uploads\/2020\/02\/agridirect-2019-1.png","type":"image\/png"}],"author":"Tauro Admin","twitter_card":"summary_large_image","twitter_misc":{"Written by":"Tauro Admin","Est. reading time":"1 minuto"},"schema":{"@context":"https:\/\/schema.org","@graph":[{"@type":"Article","@id":"https:\/\/stor51.tauroessiccatori.com\/2019\/10\/16\/7-10-10-tauro-espone-ad-agridirect-bolzano\/#article","isPartOf":{"@id":"https:\/\/stor51.tauroessiccatori.com\/2019\/10\/16\/7-10-10-tauro-espone-ad-agridirect-bolzano\/"},"author":{"name":"Tauro Admin","@id":"https:\/\/stor51.tauroessiccatori.com\/#\/schema\/person\/03c0696dc21f13e9b54b8b1ae60de53f"},"headline":"7-10.10 | Bolzano: Tauro espone ad Agridirect","datePublished":"2019-10-15T22:00:00+00:00","dateModified":"2020-02-26T14:21:44+00:00","mainEntityOfPage":{"@id":"https:\/\/stor51.tauroessiccatori.com\/2019\/10\/16\/7-10-10-tauro-espone-ad-agridirect-bolzano\/"},"wordCount":188,"publisher":{"@id":"https:\/\/stor51.tauroessiccatori.com\/#organization"},"keywords":["News e comunicazioni"],"articleSection":["Senza categoria"],"inLanguage":"es"},{"@type":"WebPage","@id":"https:\/\/stor51.tauroessiccatori.com\/2019\/10\/16\/7-10-10-tauro-espone-ad-agridirect-bolzano\/","url":"https:\/\/stor51.tauroessiccatori.com\/2019\/10\/16\/7-10-10-tauro-espone-ad-agridirect-bolzano\/","name":"7-10.10 | Bolzano: Tauro espone ad Agridirect - Tauro Essiccatori","isPartOf":{"@id":"https:\/\/stor51.tauroessiccatori.com\/#website"},"datePublished":"2019-10-15T22:00:00+00:00","dateModified":"2020-02-26T14:21:44+00:00","breadcrumb":{"@id":"https:\/\/stor51.tauroessiccatori.com\/2019\/10\/16\/7-10-10-tauro-espone-ad-agridirect-bolzano\/#breadcrumb"},"inLanguage":"es","potentialAction":[{"@type":"ReadAction","target":["https:\/\/stor51.tauroessiccatori.com\/2019\/10\/16\/7-10-10-tauro-espone-ad-agridirect-bolzano\/"]}]},{"@type":"BreadcrumbList","@id":"https:\/\/stor51.tauroessiccatori.com\/2019\/10\/16\/7-10-10-tauro-espone-ad-agridirect-bolzano\/#breadcrumb","itemListElement":[{"@type":"ListItem","position":1,"name":"Home","item":"https:\/\/stor51.tauroessiccatori.com\/"},{"@type":"ListItem","position":2,"name":"7-10.10 | Bolzano: Tauro espone ad Agridirect"}]},{"@type":"WebSite","@id":"https:\/\/stor51.tauroessiccatori.com\/#website","url":"https:\/\/stor51.tauroessiccatori.com\/","name":"Tauro Essiccatori","description":"Welcome to Tauro Essiccatori online shop","publisher":{"@id":"https:\/\/stor51.tauroessiccatori.com\/#organization"},"potentialAction":[{"@type":"SearchAction","target":{"@type":"EntryPoint","urlTemplate":"https:\/\/stor51.tauroessiccatori.com\/?s={search_term_string}"},"query-input":"required name=search_term_string"}],"inLanguage":"es"},{"@type":"Organization","@id":"https:\/\/stor51.tauroessiccatori.com\/#organization","name":"Tauro Essiccatori","url":"https:\/\/stor51.tauroessiccatori.com\/","logo":{"@type":"ImageObject","inLanguage":"es","@id":"https:\/\/stor51.tauroessiccatori.com\/#\/schema\/logo\/image\/","url":"https:\/\/www.tauroessiccatori.com\/wp-assets\/uploads\/2017\/07\/logo_tauro_500x109px.png","contentUrl":"https:\/\/www.tauroessiccatori.com\/wp-assets\/uploads\/2017\/07\/logo_tauro_500x109px.png","width":500,"height":109,"caption":"Tauro Essiccatori"},"image":{"@id":"https:\/\/stor51.tauroessiccatori.com\/#\/schema\/logo\/image\/"},"sameAs":["https:\/\/www.facebook.com\/TauroEssiccatori\/","https:\/\/www.instagram.com\/tauro_essiccatori\/","https:\/\/it.linkedin.com\/company\/tauro-essiccatori","https:\/\/www.youtube.com\/user\/tauroessiccatori"]},{"@type":"Person","@id":"https:\/\/stor51.tauroessiccatori.com\/#\/schema\/person\/03c0696dc21f13e9b54b8b1ae60de53f","name":"Tauro Admin","image":{"@type":"ImageObject","inLanguage":"es","@id":"https:\/\/stor51.tauroessiccatori.com\/#\/schema\/person\/image\/","url":"https:\/\/secure.gravatar.com\/avatar\/948b1337cb044a83aa6474b5005f4ccb?s=96&d=mm&r=g","contentUrl":"https:\/\/secure.gravatar.com\/avatar\/948b1337cb044a83aa6474b5005f4ccb?s=96&d=mm&r=g","caption":"Tauro Admin"}}]}},"_links":{"self":[{"href":"https:\/\/stor51.tauroessiccatori.com\/es\/wp-json\/wp\/v2\/posts\/15529"}],"collection":[{"href":"https:\/\/stor51.tauroessiccatori.com\/es\/wp-json\/wp\/v2\/posts"}],"about":[{"href":"https:\/\/stor51.tauroessiccatori.com\/es\/wp-json\/wp\/v2\/types\/post"}],"author":[{"embeddable":true,"href":"https:\/\/stor51.tauroessiccatori.com\/es\/wp-json\/wp\/v2\/users\/1"}],"replies":[{"embeddable":true,"href":"https:\/\/stor51.tauroessiccatori.com\/es\/wp-json\/wp\/v2\/comments?post=15529"}],"version-history":[{"count":3,"href":"https:\/\/stor51.tauroessiccatori.com\/es\/wp-json\/wp\/v2\/posts\/15529\/revisions"}],"predecessor-version":[{"id":18562,"href":"https:\/\/stor51.tauroessiccatori.com\/es\/wp-json\/wp\/v2\/posts\/15529\/revisions\/18562"}],"wp:featuredmedia":[{"embeddable":true,"href":"https:\/\/stor51.tauroessiccatori.com\/es\/wp-json\/wp\/v2\/media\/17392"}],"wp:attachment":[{"href":"https:\/\/stor51.tauroessiccatori.com\/es\/wp-json\/wp\/v2\/media?parent=15529"}],"wp:term":[{"taxonomy":"category","embeddable":true,"href":"https:\/\/stor51.tauroessiccatori.com\/es\/wp-json\/wp\/v2\/categories?post=15529"},{"taxonomy":"post_tag","embeddable":true,"href":"https:\/\/stor51.tauroessiccatori.com\/es\/wp-json\/wp\/v2\/tags?post=15529"}],"curies":[{"name":"wp","href":"https:\/\/api.w.org\/{rel}","templated":true}]}}