


{"id":17168,"date":"2020-02-13T12:40:24","date_gmt":"2020-02-13T11:40:24","guid":{"rendered":"https:\/\/www.tauroessiccatori.com\/?p=17168\/"},"modified":"2020-03-05T09:35:38","modified_gmt":"2020-03-05T08:35:38","slug":"tauro-alla-fiera-di-vita-in-campagna-decima-edizione-27-29-marzo-2020","status":"publish","type":"post","link":"https:\/\/stor51.tauroessiccatori.com\/cs\/2020\/02\/13\/tauro-alla-fiera-di-vita-in-campagna-decima-edizione-27-29-marzo-2020\/","title":{"rendered":"27-29.03 | Veletrh Vita in Campagna pozastaven"},"content":{"rendered":"<div class=\"tauro-banners\"><div class=\"banner-00\" style=\"background-color: #852035\">\r\n<div class=\"ix-xmas-box-other\" style=\"font-size: 18px;padding: 7px 0;margin: 0 auto 0px auto\" align=\"center\"><b style=\"color: #fff;font-size: 18px\">Pod strom um\u00edst\u011bte BIOSEC. <a style=\"color: #f8cc89;font-weight: bold;text-decoration: none;font-size: 18px\" href=\"https:\/\/www.tauroessiccatori.com\/christmas-2024\/\">ZDE<\/a> V\u00e1no\u010dn\u00ed akce!<\/b><\/div>\r\n<\/div><div class=\"banner-00\" style=\"background-color: #000\">\r\n<div class=\"ix-xmas-box-other\" style=\"font-size: 18px;padding: 7px 0;margin: 0 auto 0px auto\" align=\"center\"><b style=\"color: #fff\"> Slevy na \u010cern\u00fd p\u00e1tek jsou tu! \u00a0 <a style=\"color: #f77209;font-weight: bold;text-decoration: none\" href=\"https:\/\/www.tauroessiccatori.com\/black-friday-2024\/\"> Klikn\u011bte, abyste je neprop\u00e1sli \u2192 <\/a>\r\n<\/b><\/div>\r\n<\/div><\/div><p style=\"text-align: center\"><strong>D\u016eLE\u017dIT\u00c1 KOMUNIKACE\u00a0<\/strong><\/p>\n<p><em>S velkou l\u00edtost\u00ed v\u00e1m mus\u00edme ozn\u00e1mit, \u017ee veletrh Vita in campagna je vzhledem k aktu\u00e1ln\u00edm na\u0159\u00edzen\u00edm Ministerstva zdravotnictv\u00ed vydan\u00fdm v souvislosti s mimo\u0159\u00e1dnou ud\u00e1lost\u00ed COVID-19, preventivn\u00edm opat\u0159en\u00edm v r\u016fzn\u00fdch regionech a z toho vypl\u00fdvaj\u00edc\u00edm organiza\u010dn\u00edm p\u0159ek\u00e1\u017ek\u00e1m pozastaven. O p\u0159\u00edpadn\u00fdch nov\u00fdch term\u00ednech kon\u00e1n\u00ed v\u00fdstavy v\u00e1s budeme co nejd\u0159\u00edve informovat podle v\u00fdvoje situace.\u00a0\u00a0<\/em><\/p>\n<p style=\"text-align: center\">_____________________________________<\/p>\n<p><span class=\"ac-designer-copy\">Letos se op\u011bt z\u00fa\u010dastn\u00edme nep\u0159ehl\u00e9dnuteln\u00e9ho veletrhu<\/span>\u00a0<a href=\"https:\/\/lafiera.vitaincampagna.it\/\" target=\"_blank\" rel=\"noopener noreferrer\"><span class=\"ac-designer-copy\">veletrh\u00a0<\/span><span class=\"ac-designer-copy\">ud\u00e1lost\u00a0<\/span><span class=\"ac-designer-copy\">\u017divot na venkov\u011b<\/span><\/a><span class=\"ac-designer-copy\">slav\u00ed 10 let l\u00e1sky k p\u0159\u00edrod\u011b a v\u0161em aktivit\u00e1m s n\u00ed spojen\u00fdm!\u00a0<br class=\"ac-designer-copy\" \/>V\u017edy n\u00e1s najdete na adrese\u00a0<\/span><span class=\"ac-designer-copy\"><strong>hala 5<\/strong>, <strong>Uli\u010dka B<\/strong>, <strong>stojan 3<\/strong>\u00a0<\/span><span class=\"ac-designer-copy\">ale letos n\u00e1s \u010dek\u00e1 mnoho p\u0159ekvapen\u00ed!<br class=\"ac-designer-copy\" \/><br class=\"ac-designer-copy\" \/>Nebude nouze o cenn\u00e9\u00a0<\/span><strong><span class=\"ac-designer-copy\">kurzy\u00a0<\/span><\/strong><span class=\"ac-designer-copy\"><strong>Tauro na su\u0161en\u00ed<\/strong>obohacen\u00e9 o p\u0159\u00edtomnost<\/span><span class=\"ac-designer-copy\"><a href=\"https:\/\/www.chefdalicandro.it\/\" target=\"_blank\" rel=\"noopener noreferrer\"> \u0160\u00e9fkucha\u0159 Dalicandro<\/a>. <\/span><span class=\"ac-designer-copy\">Kurz\u016f se budete moci z\u00fa\u010dastnit na st\u00e1nku (v 10.00, 12.00 a 16.30 hodin) nebo na kurzu v s\u00e1le v 16.30 hodin.\u00a0<\/span><\/p>\n<p>Pak bude <strong>dv\u011b velmi d\u016fle\u017eit\u00e9 p\u0159\u00edle\u017eitosti k setk\u00e1n\u00ed<\/strong> s nad\u0161enci do su\u0161en\u00ed:<\/p>\n<h3><strong>Odborn\u00e1 konference o su\u0161en\u00ed<\/strong><\/h3>\n<p><strong>P\u00e1tek 27. b\u0159ezna<\/strong>, setk\u00e1n\u00ed na adrese <strong>15.30 hod.<\/strong> pro <strong>konference<\/strong> s n\u00e1zvem <strong>\"\u0158emeslo su\u0161en\u00ed: p\u0159edpisy, techniky a strategie pro vytv\u00e1\u0159en\u00ed hodnoty - od d\u00edlny a\u017e po prodej<\/strong>. Setk\u00e1n\u00ed po\u0159\u00e1d\u00e1 spole\u010dnost Tauro za \u00fa\u010dasti. <strong>partne\u0159i<\/strong> odborn\u00edci na bezpe\u010dnost pr\u00e1ce, marketing pro podnik\u00e1n\u00ed a poradenstv\u00ed pro profesion\u00e1ln\u00ed kuchyni. Pokud m\u00e1te z\u00e1jem o dal\u0161\u00ed informace o t\u00e9to sch\u016fzce (na kterou se dostanete a\u017e po akreditaci), napi\u0161te n\u00e1m na e-mail professional@tauroessiccatori.com.<\/p>\n<h3 style=\"text-align: left\"><strong>Objevte na\u0161e bezplatn\u00e9 kurzy<\/strong><\/h3>\n<p><strong>Sobota 28. b\u0159ezna<\/strong>, setk\u00e1n\u00ed na adrese <strong>16:00<\/strong> na st\u00e1nku Tauro pro nov\u00fd <strong>setk\u00e1n\u00ed mezi lidmi, kte\u0159\u00ed su\u0161\u00ed<\/strong> (na z\u00e1klad\u011b pozv\u00e1n\u00ed na adrese comunicazione@tauroessiccatori.com). Jako ka\u017ed\u00fd rok je to skv\u011bl\u00e1 p\u0159\u00edle\u017eitost k tomu, abychom si popov\u00eddali, sd\u011blili si nejnov\u011bj\u0161\u00ed informace a poznatky o su\u0161en\u00ed a o tom, jak n\u00e1m st\u00e1le zlep\u0161uje \u017eivot! Nav\u00edc pro ka\u017ed\u00e9ho, kdo se na setk\u00e1n\u00ed p\u0159ihl\u00e1s\u00ed, je p\u0159ipraven p\u011bkn\u00fd d\u00e1rek.<\/p>\n<p><span class=\"ac-designer-copy\">Po celou dobu je na\u0161e <\/span><span class=\"ac-designer-copy\">zam\u011bstnanci\u00a0<\/span>bude\u00a0<span class=\"ac-designer-copy\">v\u017edy k dispozici, abyste mohli\u00a0<\/span><span class=\"ac-designer-copy\">tipy\u00a0<\/span><span class=\"ac-designer-copy\">jak nejl\u00e9pe su\u0161it a mnoho dal\u0161\u00edho... nav\u0161tivte n\u00e1s v Montichiari (BS)!<\/span><\/p>\n<p>Vracejte se a \u010dt\u011bte tuto novinku, proto\u017ee s bl\u00ed\u017e\u00edc\u00edm se veletrhem budeme sd\u011blovat dal\u0161\u00ed podrobnosti! T\u011b\u0161\u00edme se na v\u00e1s!<\/p>","protected":false},"excerpt":{"rendered":"<p>Metti un BIOSEC sotto l&#8217;Albero. SCOPRI QUI le promozioni di Natale! Gli sconti Black Friday sono qui! \u00a0 Clicca\u00a0per\u00a0non perderli \u2192 COMUNICAZIONE IMPORTANTE\u00a0 Con grande dispiacere dobbiamo comunicarvi che la fiera di Vita in campagna \u00e8 sospesa, viste le attuali ordinanze disposte dal Ministero della Salute alla luce dell&#8217;emergenza COVID-19, le misure di prevenzione in [&hellip;]<\/p>","protected":false},"author":6,"featured_media":17169,"comment_status":"closed","ping_status":"open","sticky":false,"template":"","format":"standard","meta":{"footnotes":""},"categories":[1],"tags":[],"class_list":["post-17168","post","type-post","status-publish","format-standard","has-post-thumbnail","hentry","category-senza-categoria"],"acf":[],"yoast_head":"<!-- This site is optimized with the Yoast SEO plugin v20.10 - https:\/\/yoast.com\/wordpress\/plugins\/seo\/ -->\n<title>27-29.03 | Sospesa la fiera di Vita in Campagna - Tauro Essiccatori<\/title>\n<meta name=\"robots\" content=\"noindex, follow, max-snippet:-1, max-image-preview:large, max-video-preview:-1\" \/>\n<meta property=\"og:locale\" content=\"cs_CZ\" \/>\n<meta property=\"og:type\" content=\"article\" \/>\n<meta property=\"og:title\" content=\"27-29.03 | Sospesa la fiera di Vita in Campagna - Tauro Essiccatori\" \/>\n<meta property=\"og:description\" content=\"Metti un BIOSEC sotto l&#039;Albero. SCOPRI QUI le promozioni di Natale! Gli sconti Black Friday sono qui! \u00a0 Clicca\u00a0per\u00a0non perderli \u2192 COMUNICAZIONE IMPORTANTE\u00a0 Con grande dispiacere dobbiamo comunicarvi che la fiera di Vita in campagna \u00e8 sospesa, viste le attuali ordinanze disposte dal Ministero della Salute alla luce dell&#8217;emergenza COVID-19, le misure di prevenzione in [&hellip;]\" \/>\n<meta property=\"og:url\" content=\"https:\/\/stor51.tauroessiccatori.com\/cs\/2020\/02\/13\/tauro-alla-fiera-di-vita-in-campagna-decima-edizione-27-29-marzo-2020\/\" \/>\n<meta property=\"og:site_name\" content=\"Tauro Essiccatori\" \/>\n<meta property=\"article:publisher\" content=\"https:\/\/www.facebook.com\/TauroEssiccatori\/\" \/>\n<meta property=\"article:published_time\" content=\"2020-02-13T11:40:24+00:00\" \/>\n<meta property=\"article:modified_time\" content=\"2020-03-05T08:35:38+00:00\" \/>\n<meta property=\"og:image\" content=\"https:\/\/stor51.tauroessiccatori.com\/wp-assets\/uploads\/2020\/02\/logo-vic-2020.jpg\" \/>\n\t<meta property=\"og:image:width\" content=\"1060\" \/>\n\t<meta property=\"og:image:height\" content=\"666\" \/>\n\t<meta property=\"og:image:type\" content=\"image\/jpeg\" \/>\n<meta name=\"author\" content=\"Tauro Editor\" \/>\n<meta name=\"twitter:card\" content=\"summary_large_image\" \/>\n<meta name=\"twitter:label1\" content=\"Written by\" \/>\n\t<meta name=\"twitter:data1\" content=\"Tauro Editor\" \/>\n\t<meta name=\"twitter:label2\" content=\"Est. reading time\" \/>\n\t<meta name=\"twitter:data2\" content=\"2 minuty\" \/>\n<script type=\"application\/ld+json\" class=\"yoast-schema-graph\">{\"@context\":\"https:\/\/schema.org\",\"@graph\":[{\"@type\":\"Article\",\"@id\":\"https:\/\/stor51.tauroessiccatori.com\/2020\/02\/13\/tauro-alla-fiera-di-vita-in-campagna-decima-edizione-27-29-marzo-2020\/#article\",\"isPartOf\":{\"@id\":\"https:\/\/stor51.tauroessiccatori.com\/2020\/02\/13\/tauro-alla-fiera-di-vita-in-campagna-decima-edizione-27-29-marzo-2020\/\"},\"author\":{\"name\":\"Tauro Editor\",\"@id\":\"https:\/\/stor51.tauroessiccatori.com\/#\/schema\/person\/a9fa977808a18b840c7f94bacacf47ae\"},\"headline\":\"27-29.03 | Sospesa la fiera di Vita in Campagna\",\"datePublished\":\"2020-02-13T11:40:24+00:00\",\"dateModified\":\"2020-03-05T08:35:38+00:00\",\"mainEntityOfPage\":{\"@id\":\"https:\/\/stor51.tauroessiccatori.com\/2020\/02\/13\/tauro-alla-fiera-di-vita-in-campagna-decima-edizione-27-29-marzo-2020\/\"},\"wordCount\":341,\"publisher\":{\"@id\":\"https:\/\/stor51.tauroessiccatori.com\/#organization\"},\"articleSection\":[\"Senza categoria\"],\"inLanguage\":\"cs\"},{\"@type\":\"WebPage\",\"@id\":\"https:\/\/stor51.tauroessiccatori.com\/2020\/02\/13\/tauro-alla-fiera-di-vita-in-campagna-decima-edizione-27-29-marzo-2020\/\",\"url\":\"https:\/\/stor51.tauroessiccatori.com\/2020\/02\/13\/tauro-alla-fiera-di-vita-in-campagna-decima-edizione-27-29-marzo-2020\/\",\"name\":\"27-29.03 | Sospesa la fiera di Vita in Campagna - Tauro Essiccatori\",\"isPartOf\":{\"@id\":\"https:\/\/stor51.tauroessiccatori.com\/#website\"},\"datePublished\":\"2020-02-13T11:40:24+00:00\",\"dateModified\":\"2020-03-05T08:35:38+00:00\",\"breadcrumb\":{\"@id\":\"https:\/\/stor51.tauroessiccatori.com\/2020\/02\/13\/tauro-alla-fiera-di-vita-in-campagna-decima-edizione-27-29-marzo-2020\/#breadcrumb\"},\"inLanguage\":\"cs\",\"potentialAction\":[{\"@type\":\"ReadAction\",\"target\":[\"https:\/\/stor51.tauroessiccatori.com\/2020\/02\/13\/tauro-alla-fiera-di-vita-in-campagna-decima-edizione-27-29-marzo-2020\/\"]}]},{\"@type\":\"BreadcrumbList\",\"@id\":\"https:\/\/stor51.tauroessiccatori.com\/2020\/02\/13\/tauro-alla-fiera-di-vita-in-campagna-decima-edizione-27-29-marzo-2020\/#breadcrumb\",\"itemListElement\":[{\"@type\":\"ListItem\",\"position\":1,\"name\":\"Home\",\"item\":\"https:\/\/stor51.tauroessiccatori.com\/\"},{\"@type\":\"ListItem\",\"position\":2,\"name\":\"27-29.03 | Sospesa la fiera di Vita in Campagna\"}]},{\"@type\":\"WebSite\",\"@id\":\"https:\/\/stor51.tauroessiccatori.com\/#website\",\"url\":\"https:\/\/stor51.tauroessiccatori.com\/\",\"name\":\"Tauro Essiccatori\",\"description\":\"Welcome to Tauro Essiccatori online shop\",\"publisher\":{\"@id\":\"https:\/\/stor51.tauroessiccatori.com\/#organization\"},\"potentialAction\":[{\"@type\":\"SearchAction\",\"target\":{\"@type\":\"EntryPoint\",\"urlTemplate\":\"https:\/\/stor51.tauroessiccatori.com\/?s={search_term_string}\"},\"query-input\":\"required name=search_term_string\"}],\"inLanguage\":\"cs\"},{\"@type\":\"Organization\",\"@id\":\"https:\/\/stor51.tauroessiccatori.com\/#organization\",\"name\":\"Tauro Essiccatori\",\"url\":\"https:\/\/stor51.tauroessiccatori.com\/\",\"logo\":{\"@type\":\"ImageObject\",\"inLanguage\":\"cs\",\"@id\":\"https:\/\/stor51.tauroessiccatori.com\/#\/schema\/logo\/image\/\",\"url\":\"https:\/\/www.tauroessiccatori.com\/wp-assets\/uploads\/2017\/07\/logo_tauro_500x109px.png\",\"contentUrl\":\"https:\/\/www.tauroessiccatori.com\/wp-assets\/uploads\/2017\/07\/logo_tauro_500x109px.png\",\"width\":500,\"height\":109,\"caption\":\"Tauro Essiccatori\"},\"image\":{\"@id\":\"https:\/\/stor51.tauroessiccatori.com\/#\/schema\/logo\/image\/\"},\"sameAs\":[\"https:\/\/www.facebook.com\/TauroEssiccatori\/\",\"https:\/\/www.instagram.com\/tauro_essiccatori\/\",\"https:\/\/it.linkedin.com\/company\/tauro-essiccatori\",\"https:\/\/www.youtube.com\/user\/tauroessiccatori\"]},{\"@type\":\"Person\",\"@id\":\"https:\/\/stor51.tauroessiccatori.com\/#\/schema\/person\/a9fa977808a18b840c7f94bacacf47ae\",\"name\":\"Tauro Editor\",\"image\":{\"@type\":\"ImageObject\",\"inLanguage\":\"cs\",\"@id\":\"https:\/\/stor51.tauroessiccatori.com\/#\/schema\/person\/image\/\",\"url\":\"https:\/\/secure.gravatar.com\/avatar\/b557ca77f150c24c8ed284846901e83d?s=96&d=mm&r=g\",\"contentUrl\":\"https:\/\/secure.gravatar.com\/avatar\/b557ca77f150c24c8ed284846901e83d?s=96&d=mm&r=g\",\"caption\":\"Tauro Editor\"},\"sameAs\":[\"http:\/\/www.tauroessiccatori.com\"]}]}<\/script>\n<!-- \/ Yoast SEO plugin. -->","yoast_head_json":{"title":"27-29.03 | Sospesa la fiera di Vita in Campagna - Tauro Essiccatori","robots":{"index":"noindex","follow":"follow","max-snippet":"max-snippet:-1","max-image-preview":"max-image-preview:large","max-video-preview":"max-video-preview:-1"},"og_locale":"cs_CZ","og_type":"article","og_title":"27-29.03 | Sospesa la fiera di Vita in Campagna - Tauro Essiccatori","og_description":"Metti un BIOSEC sotto l'Albero. SCOPRI QUI le promozioni di Natale! Gli sconti Black Friday sono qui! \u00a0 Clicca\u00a0per\u00a0non perderli \u2192 COMUNICAZIONE IMPORTANTE\u00a0 Con grande dispiacere dobbiamo comunicarvi che la fiera di Vita in campagna \u00e8 sospesa, viste le attuali ordinanze disposte dal Ministero della Salute alla luce dell&#8217;emergenza COVID-19, le misure di prevenzione in [&hellip;]","og_url":"https:\/\/stor51.tauroessiccatori.com\/cs\/2020\/02\/13\/tauro-alla-fiera-di-vita-in-campagna-decima-edizione-27-29-marzo-2020\/","og_site_name":"Tauro Essiccatori","article_publisher":"https:\/\/www.facebook.com\/TauroEssiccatori\/","article_published_time":"2020-02-13T11:40:24+00:00","article_modified_time":"2020-03-05T08:35:38+00:00","og_image":[{"width":1060,"height":666,"url":"https:\/\/stor51.tauroessiccatori.com\/wp-assets\/uploads\/2020\/02\/logo-vic-2020.jpg","type":"image\/jpeg"}],"author":"Tauro Editor","twitter_card":"summary_large_image","twitter_misc":{"Written by":"Tauro Editor","Est. reading time":"2 minuty"},"schema":{"@context":"https:\/\/schema.org","@graph":[{"@type":"Article","@id":"https:\/\/stor51.tauroessiccatori.com\/2020\/02\/13\/tauro-alla-fiera-di-vita-in-campagna-decima-edizione-27-29-marzo-2020\/#article","isPartOf":{"@id":"https:\/\/stor51.tauroessiccatori.com\/2020\/02\/13\/tauro-alla-fiera-di-vita-in-campagna-decima-edizione-27-29-marzo-2020\/"},"author":{"name":"Tauro Editor","@id":"https:\/\/stor51.tauroessiccatori.com\/#\/schema\/person\/a9fa977808a18b840c7f94bacacf47ae"},"headline":"27-29.03 | Sospesa la fiera di Vita in Campagna","datePublished":"2020-02-13T11:40:24+00:00","dateModified":"2020-03-05T08:35:38+00:00","mainEntityOfPage":{"@id":"https:\/\/stor51.tauroessiccatori.com\/2020\/02\/13\/tauro-alla-fiera-di-vita-in-campagna-decima-edizione-27-29-marzo-2020\/"},"wordCount":341,"publisher":{"@id":"https:\/\/stor51.tauroessiccatori.com\/#organization"},"articleSection":["Senza categoria"],"inLanguage":"cs"},{"@type":"WebPage","@id":"https:\/\/stor51.tauroessiccatori.com\/2020\/02\/13\/tauro-alla-fiera-di-vita-in-campagna-decima-edizione-27-29-marzo-2020\/","url":"https:\/\/stor51.tauroessiccatori.com\/2020\/02\/13\/tauro-alla-fiera-di-vita-in-campagna-decima-edizione-27-29-marzo-2020\/","name":"27-29.03 | Sospesa la fiera di Vita in Campagna - Tauro Essiccatori","isPartOf":{"@id":"https:\/\/stor51.tauroessiccatori.com\/#website"},"datePublished":"2020-02-13T11:40:24+00:00","dateModified":"2020-03-05T08:35:38+00:00","breadcrumb":{"@id":"https:\/\/stor51.tauroessiccatori.com\/2020\/02\/13\/tauro-alla-fiera-di-vita-in-campagna-decima-edizione-27-29-marzo-2020\/#breadcrumb"},"inLanguage":"cs","potentialAction":[{"@type":"ReadAction","target":["https:\/\/stor51.tauroessiccatori.com\/2020\/02\/13\/tauro-alla-fiera-di-vita-in-campagna-decima-edizione-27-29-marzo-2020\/"]}]},{"@type":"BreadcrumbList","@id":"https:\/\/stor51.tauroessiccatori.com\/2020\/02\/13\/tauro-alla-fiera-di-vita-in-campagna-decima-edizione-27-29-marzo-2020\/#breadcrumb","itemListElement":[{"@type":"ListItem","position":1,"name":"Home","item":"https:\/\/stor51.tauroessiccatori.com\/"},{"@type":"ListItem","position":2,"name":"27-29.03 | Sospesa la fiera di Vita in Campagna"}]},{"@type":"WebSite","@id":"https:\/\/stor51.tauroessiccatori.com\/#website","url":"https:\/\/stor51.tauroessiccatori.com\/","name":"Tauro Essiccatori","description":"Welcome to Tauro Essiccatori online shop","publisher":{"@id":"https:\/\/stor51.tauroessiccatori.com\/#organization"},"potentialAction":[{"@type":"SearchAction","target":{"@type":"EntryPoint","urlTemplate":"https:\/\/stor51.tauroessiccatori.com\/?s={search_term_string}"},"query-input":"required name=search_term_string"}],"inLanguage":"cs"},{"@type":"Organization","@id":"https:\/\/stor51.tauroessiccatori.com\/#organization","name":"Tauro Essiccatori","url":"https:\/\/stor51.tauroessiccatori.com\/","logo":{"@type":"ImageObject","inLanguage":"cs","@id":"https:\/\/stor51.tauroessiccatori.com\/#\/schema\/logo\/image\/","url":"https:\/\/www.tauroessiccatori.com\/wp-assets\/uploads\/2017\/07\/logo_tauro_500x109px.png","contentUrl":"https:\/\/www.tauroessiccatori.com\/wp-assets\/uploads\/2017\/07\/logo_tauro_500x109px.png","width":500,"height":109,"caption":"Tauro Essiccatori"},"image":{"@id":"https:\/\/stor51.tauroessiccatori.com\/#\/schema\/logo\/image\/"},"sameAs":["https:\/\/www.facebook.com\/TauroEssiccatori\/","https:\/\/www.instagram.com\/tauro_essiccatori\/","https:\/\/it.linkedin.com\/company\/tauro-essiccatori","https:\/\/www.youtube.com\/user\/tauroessiccatori"]},{"@type":"Person","@id":"https:\/\/stor51.tauroessiccatori.com\/#\/schema\/person\/a9fa977808a18b840c7f94bacacf47ae","name":"Tauro Editor","image":{"@type":"ImageObject","inLanguage":"cs","@id":"https:\/\/stor51.tauroessiccatori.com\/#\/schema\/person\/image\/","url":"https:\/\/secure.gravatar.com\/avatar\/b557ca77f150c24c8ed284846901e83d?s=96&d=mm&r=g","contentUrl":"https:\/\/secure.gravatar.com\/avatar\/b557ca77f150c24c8ed284846901e83d?s=96&d=mm&r=g","caption":"Tauro Editor"},"sameAs":["http:\/\/www.tauroessiccatori.com"]}]}},"_links":{"self":[{"href":"https:\/\/stor51.tauroessiccatori.com\/cs\/wp-json\/wp\/v2\/posts\/17168"}],"collection":[{"href":"https:\/\/stor51.tauroessiccatori.com\/cs\/wp-json\/wp\/v2\/posts"}],"about":[{"href":"https:\/\/stor51.tauroessiccatori.com\/cs\/wp-json\/wp\/v2\/types\/post"}],"author":[{"embeddable":true,"href":"https:\/\/stor51.tauroessiccatori.com\/cs\/wp-json\/wp\/v2\/users\/6"}],"replies":[{"embeddable":true,"href":"https:\/\/stor51.tauroessiccatori.com\/cs\/wp-json\/wp\/v2\/comments?post=17168"}],"version-history":[{"count":14,"href":"https:\/\/stor51.tauroessiccatori.com\/cs\/wp-json\/wp\/v2\/posts\/17168\/revisions"}],"predecessor-version":[{"id":19350,"href":"https:\/\/stor51.tauroessiccatori.com\/cs\/wp-json\/wp\/v2\/posts\/17168\/revisions\/19350"}],"wp:featuredmedia":[{"embeddable":true,"href":"https:\/\/stor51.tauroessiccatori.com\/cs\/wp-json\/wp\/v2\/media\/17169"}],"wp:attachment":[{"href":"https:\/\/stor51.tauroessiccatori.com\/cs\/wp-json\/wp\/v2\/media?parent=17168"}],"wp:term":[{"taxonomy":"category","embeddable":true,"href":"https:\/\/stor51.tauroessiccatori.com\/cs\/wp-json\/wp\/v2\/categories?post=17168"},{"taxonomy":"post_tag","embeddable":true,"href":"https:\/\/stor51.tauroessiccatori.com\/cs\/wp-json\/wp\/v2\/tags?post=17168"}],"curies":[{"name":"wp","href":"https:\/\/api.w.org\/{rel}","templated":true}]}}