


{"id":165153,"date":"2022-08-09T12:45:57","date_gmt":"2022-08-09T10:45:57","guid":{"rendered":"https:\/\/www.tauroessiccatori.com\/?p=165153\/"},"modified":"2022-08-09T12:47:23","modified_gmt":"2022-08-09T10:47:23","slug":"tauro-va-in-vacanza-orti-e-frutteti-no","status":"publish","type":"post","link":"https:\/\/stor51.tauroessiccatori.com\/cs\/2022\/08\/09\/tauro-va-v-obci-orchards-a-orchards-no\/","title":{"rendered":"Tauro jede na dovolenou, zahrady a sady ne."},"content":{"rendered":"<div class=\"tauro-banners\"><div class=\"banner-00\" style=\"background-color: #852035\">\r\n<div class=\"ix-xmas-box-other\" style=\"font-size: 18px;padding: 7px 0;margin: 0 auto 0px auto\" align=\"center\"><b style=\"color: #fff;font-size: 18px\">Pod strom um\u00edst\u011bte BIOSEC. <a style=\"color: #f8cc89;font-weight: bold;text-decoration: none;font-size: 18px\" href=\"https:\/\/www.tauroessiccatori.com\/christmas-2024\/\">ZDE<\/a> V\u00e1no\u010dn\u00ed akce!<\/b><\/div>\r\n<\/div><div class=\"banner-00\" style=\"background-color: #000\">\r\n<div class=\"ix-xmas-box-other\" style=\"font-size: 18px;padding: 7px 0;margin: 0 auto 0px auto\" align=\"center\"><b style=\"color: #fff\"> Slevy na \u010cern\u00fd p\u00e1tek jsou tu! \u00a0 <a style=\"color: #f77209;font-weight: bold;text-decoration: none\" href=\"https:\/\/www.tauroessiccatori.com\/black-friday-2024\/\"> Klikn\u011bte, abyste je neprop\u00e1sli \u2192 <\/a>\r\n<\/b><\/div>\r\n<\/div><\/div><h3>Trochu zaslou\u017een\u00e9ho odpo\u010dinku pro zam\u011bstnance Tauro, ale su\u0161\u00edte d\u00e1l!<\/h3>\n<p>Spole\u010dnost Tauro Dryers informuje sv\u00e9 p\u0159\u00e1tele a z\u00e1kazn\u00edky, \u017ee kancel\u00e1\u0159e z\u016fst\u00e1vaj\u00ed zachov\u00e1ny. <strong>zav\u0159eno od pond\u011bl\u00ed 15. srpna do p\u00e1tku 19. srpna v\u010detn\u011b<\/strong>pravideln\u011b otev\u00edrat v pond\u011bl\u00ed 22. srpna.<\/p>\n<p>Ale nebojte se! M\u016f\u017eete n\u00e1m i nad\u00e1le ps\u00e1t a <strong>pou\u017eijte n\u00e1\u0161 online obchod pro sv\u00e9 n\u00e1kupy<\/strong>ve\u0161ker\u00e1 komunikace a objedn\u00e1vky budou od znovuotev\u0159en\u00ed \u0159\u00e1dn\u011b vy\u0159\u00edzeny a zpracov\u00e1ny.<\/p>\n<p>P\u0159i t\u00e9to p\u0159\u00edle\u017eitosti v\u00e1m p\u0159ejeme p\u0159\u00edjemn\u00fd <strong>relaxa\u010dn\u00ed a omlazuj\u00edc\u00ed l\u00e9to<\/strong>mo\u017en\u00e1 si nasb\u00edr\u00e1te dobr\u00e9 a zral\u00e9 produkty, kter\u00e9 si pozd\u011bji po n\u00e1vratu usu\u0161\u00edte!<br \/>\nZnovu se setk\u00e1me v z\u00e1\u0159\u00ed, odpo\u010dat\u00ed a <strong>p\u0159ipraven objevit tis\u00edce nov\u00fdch n\u00e1pad\u016f<\/strong> chutn\u00e9 vyzkou\u0161et s va\u0161\u00ed su\u0161i\u010dkou a setkat se s n\u00e1mi na jednom z na\u0161ich podzimn\u00edch kurz\u016f!<\/p>\n<p>\u0160\u0165astn\u00e9 a vesel\u00e9 sv\u00e1tky v\u00e1m v\u0161em, <strong><em>#gentecheessicca!<\/em><\/strong> \ud83d\ude09<\/p>","protected":false},"excerpt":{"rendered":"<p>Metti un BIOSEC sotto l&#8217;Albero. SCOPRI QUI le promozioni di Natale! Gli sconti Black Friday sono qui! \u00a0 Clicca\u00a0per\u00a0non perderli \u2192 Un po&#8217; di meritato riposo per lo staff Tauro, ma voi continuate ad essiccare! Tauro Essiccatori informa amici e clienti che\u00a0gli\u00a0uffici rimarranno chiusi da luned\u00ec 15 a venerd\u00ec 19 agosto inclusi, per riaprire regolarmente [&hellip;]<\/p>","protected":false},"author":435,"featured_media":165155,"comment_status":"closed","ping_status":"open","sticky":false,"template":"","format":"standard","meta":{"footnotes":""},"categories":[1],"tags":[],"class_list":["post-165153","post","type-post","status-publish","format-standard","has-post-thumbnail","hentry","category-senza-categoria"],"acf":[],"yoast_head":"<!-- This site is optimized with the Yoast SEO plugin v20.10 - https:\/\/yoast.com\/wordpress\/plugins\/seo\/ -->\n<title>Tauro va in vacanza, orti e frutteti no. - Tauro Essiccatori<\/title>\n<meta name=\"robots\" content=\"noindex, follow, max-snippet:-1, max-image-preview:large, max-video-preview:-1\" \/>\n<meta property=\"og:locale\" content=\"cs_CZ\" \/>\n<meta property=\"og:type\" content=\"article\" \/>\n<meta property=\"og:title\" content=\"Tauro va in vacanza, orti e frutteti no. - Tauro Essiccatori\" \/>\n<meta property=\"og:description\" content=\"Metti un BIOSEC sotto l&#039;Albero. SCOPRI QUI le promozioni di Natale! Gli sconti Black Friday sono qui! \u00a0 Clicca\u00a0per\u00a0non perderli \u2192 Un po&#8217; di meritato riposo per lo staff Tauro, ma voi continuate ad essiccare! Tauro Essiccatori informa amici e clienti che\u00a0gli\u00a0uffici rimarranno chiusi da luned\u00ec 15 a venerd\u00ec 19 agosto inclusi, per riaprire regolarmente [&hellip;]\" \/>\n<meta property=\"og:url\" content=\"https:\/\/stor51.tauroessiccatori.com\/cs\/2022\/08\/09\/tauro-va-v-obci-orchards-a-orchards-no\/\" \/>\n<meta property=\"og:site_name\" content=\"Tauro Essiccatori\" \/>\n<meta property=\"article:publisher\" content=\"https:\/\/www.facebook.com\/TauroEssiccatori\/\" \/>\n<meta property=\"article:published_time\" content=\"2022-08-09T10:45:57+00:00\" \/>\n<meta property=\"article:modified_time\" content=\"2022-08-09T10:47:23+00:00\" \/>\n<meta property=\"og:image\" content=\"https:\/\/stor51.tauroessiccatori.com\/wp-assets\/uploads\/2022\/08\/chiusura_home_MOBILE-banner-estate-2022-tauro-essiccatori-copia.png\" \/>\n\t<meta property=\"og:image:width\" content=\"1080\" \/>\n\t<meta property=\"og:image:height\" content=\"1080\" \/>\n\t<meta property=\"og:image:type\" content=\"image\/png\" \/>\n<meta name=\"author\" content=\"Alessandra Cappellari\" \/>\n<meta name=\"twitter:card\" content=\"summary_large_image\" \/>\n<meta name=\"twitter:label1\" content=\"Written by\" \/>\n\t<meta name=\"twitter:data1\" content=\"Alessandra Cappellari\" \/>\n\t<meta name=\"twitter:label2\" content=\"Est. reading time\" \/>\n\t<meta name=\"twitter:data2\" content=\"1 minuta\" \/>\n<script type=\"application\/ld+json\" class=\"yoast-schema-graph\">{\"@context\":\"https:\/\/schema.org\",\"@graph\":[{\"@type\":\"Article\",\"@id\":\"https:\/\/stor51.tauroessiccatori.com\/2022\/08\/09\/tauro-va-in-vacanza-orti-e-frutteti-no\/#article\",\"isPartOf\":{\"@id\":\"https:\/\/stor51.tauroessiccatori.com\/2022\/08\/09\/tauro-va-in-vacanza-orti-e-frutteti-no\/\"},\"author\":{\"name\":\"Alessandra Cappellari\",\"@id\":\"https:\/\/stor51.tauroessiccatori.com\/#\/schema\/person\/1f824c9c0a4d3d2775e9bb7f79858ab1\"},\"headline\":\"Tauro va in vacanza, orti e frutteti no.\",\"datePublished\":\"2022-08-09T10:45:57+00:00\",\"dateModified\":\"2022-08-09T10:47:23+00:00\",\"mainEntityOfPage\":{\"@id\":\"https:\/\/stor51.tauroessiccatori.com\/2022\/08\/09\/tauro-va-in-vacanza-orti-e-frutteti-no\/\"},\"wordCount\":135,\"publisher\":{\"@id\":\"https:\/\/stor51.tauroessiccatori.com\/#organization\"},\"articleSection\":[\"Senza categoria\"],\"inLanguage\":\"cs\"},{\"@type\":\"WebPage\",\"@id\":\"https:\/\/stor51.tauroessiccatori.com\/2022\/08\/09\/tauro-va-in-vacanza-orti-e-frutteti-no\/\",\"url\":\"https:\/\/stor51.tauroessiccatori.com\/2022\/08\/09\/tauro-va-in-vacanza-orti-e-frutteti-no\/\",\"name\":\"Tauro va in vacanza, orti e frutteti no. - Tauro Essiccatori\",\"isPartOf\":{\"@id\":\"https:\/\/stor51.tauroessiccatori.com\/#website\"},\"datePublished\":\"2022-08-09T10:45:57+00:00\",\"dateModified\":\"2022-08-09T10:47:23+00:00\",\"breadcrumb\":{\"@id\":\"https:\/\/stor51.tauroessiccatori.com\/2022\/08\/09\/tauro-va-in-vacanza-orti-e-frutteti-no\/#breadcrumb\"},\"inLanguage\":\"cs\",\"potentialAction\":[{\"@type\":\"ReadAction\",\"target\":[\"https:\/\/stor51.tauroessiccatori.com\/2022\/08\/09\/tauro-va-in-vacanza-orti-e-frutteti-no\/\"]}]},{\"@type\":\"BreadcrumbList\",\"@id\":\"https:\/\/stor51.tauroessiccatori.com\/2022\/08\/09\/tauro-va-in-vacanza-orti-e-frutteti-no\/#breadcrumb\",\"itemListElement\":[{\"@type\":\"ListItem\",\"position\":1,\"name\":\"Home\",\"item\":\"https:\/\/stor51.tauroessiccatori.com\/\"},{\"@type\":\"ListItem\",\"position\":2,\"name\":\"Tauro va in vacanza, orti e frutteti no.\"}]},{\"@type\":\"WebSite\",\"@id\":\"https:\/\/stor51.tauroessiccatori.com\/#website\",\"url\":\"https:\/\/stor51.tauroessiccatori.com\/\",\"name\":\"Tauro Essiccatori\",\"description\":\"Welcome to Tauro Essiccatori online shop\",\"publisher\":{\"@id\":\"https:\/\/stor51.tauroessiccatori.com\/#organization\"},\"potentialAction\":[{\"@type\":\"SearchAction\",\"target\":{\"@type\":\"EntryPoint\",\"urlTemplate\":\"https:\/\/stor51.tauroessiccatori.com\/?s={search_term_string}\"},\"query-input\":\"required name=search_term_string\"}],\"inLanguage\":\"cs\"},{\"@type\":\"Organization\",\"@id\":\"https:\/\/stor51.tauroessiccatori.com\/#organization\",\"name\":\"Tauro Essiccatori\",\"url\":\"https:\/\/stor51.tauroessiccatori.com\/\",\"logo\":{\"@type\":\"ImageObject\",\"inLanguage\":\"cs\",\"@id\":\"https:\/\/stor51.tauroessiccatori.com\/#\/schema\/logo\/image\/\",\"url\":\"https:\/\/www.tauroessiccatori.com\/wp-assets\/uploads\/2017\/07\/logo_tauro_500x109px.png\",\"contentUrl\":\"https:\/\/www.tauroessiccatori.com\/wp-assets\/uploads\/2017\/07\/logo_tauro_500x109px.png\",\"width\":500,\"height\":109,\"caption\":\"Tauro Essiccatori\"},\"image\":{\"@id\":\"https:\/\/stor51.tauroessiccatori.com\/#\/schema\/logo\/image\/\"},\"sameAs\":[\"https:\/\/www.facebook.com\/TauroEssiccatori\/\",\"https:\/\/www.instagram.com\/tauro_essiccatori\/\",\"https:\/\/it.linkedin.com\/company\/tauro-essiccatori\",\"https:\/\/www.youtube.com\/user\/tauroessiccatori\"]},{\"@type\":\"Person\",\"@id\":\"https:\/\/stor51.tauroessiccatori.com\/#\/schema\/person\/1f824c9c0a4d3d2775e9bb7f79858ab1\",\"name\":\"Alessandra Cappellari\",\"image\":{\"@type\":\"ImageObject\",\"inLanguage\":\"cs\",\"@id\":\"https:\/\/stor51.tauroessiccatori.com\/#\/schema\/person\/image\/\",\"url\":\"https:\/\/secure.gravatar.com\/avatar\/4b4a5dde29b05e5b4e52978254c6236e?s=96&d=mm&r=g\",\"contentUrl\":\"https:\/\/secure.gravatar.com\/avatar\/4b4a5dde29b05e5b4e52978254c6236e?s=96&d=mm&r=g\",\"caption\":\"Alessandra Cappellari\"}}]}<\/script>\n<!-- \/ Yoast SEO plugin. -->","yoast_head_json":{"title":"Tauro va in vacanza, orti e frutteti no. - Tauro Essiccatori","robots":{"index":"noindex","follow":"follow","max-snippet":"max-snippet:-1","max-image-preview":"max-image-preview:large","max-video-preview":"max-video-preview:-1"},"og_locale":"cs_CZ","og_type":"article","og_title":"Tauro va in vacanza, orti e frutteti no. - Tauro Essiccatori","og_description":"Metti un BIOSEC sotto l'Albero. SCOPRI QUI le promozioni di Natale! Gli sconti Black Friday sono qui! \u00a0 Clicca\u00a0per\u00a0non perderli \u2192 Un po&#8217; di meritato riposo per lo staff Tauro, ma voi continuate ad essiccare! Tauro Essiccatori informa amici e clienti che\u00a0gli\u00a0uffici rimarranno chiusi da luned\u00ec 15 a venerd\u00ec 19 agosto inclusi, per riaprire regolarmente [&hellip;]","og_url":"https:\/\/stor51.tauroessiccatori.com\/cs\/2022\/08\/09\/tauro-va-v-obci-orchards-a-orchards-no\/","og_site_name":"Tauro Essiccatori","article_publisher":"https:\/\/www.facebook.com\/TauroEssiccatori\/","article_published_time":"2022-08-09T10:45:57+00:00","article_modified_time":"2022-08-09T10:47:23+00:00","og_image":[{"width":1080,"height":1080,"url":"https:\/\/stor51.tauroessiccatori.com\/wp-assets\/uploads\/2022\/08\/chiusura_home_MOBILE-banner-estate-2022-tauro-essiccatori-copia.png","type":"image\/png"}],"author":"Alessandra Cappellari","twitter_card":"summary_large_image","twitter_misc":{"Written by":"Alessandra Cappellari","Est. reading time":"1 minuta"},"schema":{"@context":"https:\/\/schema.org","@graph":[{"@type":"Article","@id":"https:\/\/stor51.tauroessiccatori.com\/2022\/08\/09\/tauro-va-in-vacanza-orti-e-frutteti-no\/#article","isPartOf":{"@id":"https:\/\/stor51.tauroessiccatori.com\/2022\/08\/09\/tauro-va-in-vacanza-orti-e-frutteti-no\/"},"author":{"name":"Alessandra Cappellari","@id":"https:\/\/stor51.tauroessiccatori.com\/#\/schema\/person\/1f824c9c0a4d3d2775e9bb7f79858ab1"},"headline":"Tauro va in vacanza, orti e frutteti no.","datePublished":"2022-08-09T10:45:57+00:00","dateModified":"2022-08-09T10:47:23+00:00","mainEntityOfPage":{"@id":"https:\/\/stor51.tauroessiccatori.com\/2022\/08\/09\/tauro-va-in-vacanza-orti-e-frutteti-no\/"},"wordCount":135,"publisher":{"@id":"https:\/\/stor51.tauroessiccatori.com\/#organization"},"articleSection":["Senza categoria"],"inLanguage":"cs"},{"@type":"WebPage","@id":"https:\/\/stor51.tauroessiccatori.com\/2022\/08\/09\/tauro-va-in-vacanza-orti-e-frutteti-no\/","url":"https:\/\/stor51.tauroessiccatori.com\/2022\/08\/09\/tauro-va-in-vacanza-orti-e-frutteti-no\/","name":"Tauro va in vacanza, orti e frutteti no. - Tauro Essiccatori","isPartOf":{"@id":"https:\/\/stor51.tauroessiccatori.com\/#website"},"datePublished":"2022-08-09T10:45:57+00:00","dateModified":"2022-08-09T10:47:23+00:00","breadcrumb":{"@id":"https:\/\/stor51.tauroessiccatori.com\/2022\/08\/09\/tauro-va-in-vacanza-orti-e-frutteti-no\/#breadcrumb"},"inLanguage":"cs","potentialAction":[{"@type":"ReadAction","target":["https:\/\/stor51.tauroessiccatori.com\/2022\/08\/09\/tauro-va-in-vacanza-orti-e-frutteti-no\/"]}]},{"@type":"BreadcrumbList","@id":"https:\/\/stor51.tauroessiccatori.com\/2022\/08\/09\/tauro-va-in-vacanza-orti-e-frutteti-no\/#breadcrumb","itemListElement":[{"@type":"ListItem","position":1,"name":"Home","item":"https:\/\/stor51.tauroessiccatori.com\/"},{"@type":"ListItem","position":2,"name":"Tauro va in vacanza, orti e frutteti no."}]},{"@type":"WebSite","@id":"https:\/\/stor51.tauroessiccatori.com\/#website","url":"https:\/\/stor51.tauroessiccatori.com\/","name":"Tauro Essiccatori","description":"Welcome to Tauro Essiccatori online shop","publisher":{"@id":"https:\/\/stor51.tauroessiccatori.com\/#organization"},"potentialAction":[{"@type":"SearchAction","target":{"@type":"EntryPoint","urlTemplate":"https:\/\/stor51.tauroessiccatori.com\/?s={search_term_string}"},"query-input":"required name=search_term_string"}],"inLanguage":"cs"},{"@type":"Organization","@id":"https:\/\/stor51.tauroessiccatori.com\/#organization","name":"Tauro Essiccatori","url":"https:\/\/stor51.tauroessiccatori.com\/","logo":{"@type":"ImageObject","inLanguage":"cs","@id":"https:\/\/stor51.tauroessiccatori.com\/#\/schema\/logo\/image\/","url":"https:\/\/www.tauroessiccatori.com\/wp-assets\/uploads\/2017\/07\/logo_tauro_500x109px.png","contentUrl":"https:\/\/www.tauroessiccatori.com\/wp-assets\/uploads\/2017\/07\/logo_tauro_500x109px.png","width":500,"height":109,"caption":"Tauro Essiccatori"},"image":{"@id":"https:\/\/stor51.tauroessiccatori.com\/#\/schema\/logo\/image\/"},"sameAs":["https:\/\/www.facebook.com\/TauroEssiccatori\/","https:\/\/www.instagram.com\/tauro_essiccatori\/","https:\/\/it.linkedin.com\/company\/tauro-essiccatori","https:\/\/www.youtube.com\/user\/tauroessiccatori"]},{"@type":"Person","@id":"https:\/\/stor51.tauroessiccatori.com\/#\/schema\/person\/1f824c9c0a4d3d2775e9bb7f79858ab1","name":"Alessandra Cappellari","image":{"@type":"ImageObject","inLanguage":"cs","@id":"https:\/\/stor51.tauroessiccatori.com\/#\/schema\/person\/image\/","url":"https:\/\/secure.gravatar.com\/avatar\/4b4a5dde29b05e5b4e52978254c6236e?s=96&d=mm&r=g","contentUrl":"https:\/\/secure.gravatar.com\/avatar\/4b4a5dde29b05e5b4e52978254c6236e?s=96&d=mm&r=g","caption":"Alessandra Cappellari"}}]}},"_links":{"self":[{"href":"https:\/\/stor51.tauroessiccatori.com\/cs\/wp-json\/wp\/v2\/posts\/165153"}],"collection":[{"href":"https:\/\/stor51.tauroessiccatori.com\/cs\/wp-json\/wp\/v2\/posts"}],"about":[{"href":"https:\/\/stor51.tauroessiccatori.com\/cs\/wp-json\/wp\/v2\/types\/post"}],"author":[{"embeddable":true,"href":"https:\/\/stor51.tauroessiccatori.com\/cs\/wp-json\/wp\/v2\/users\/435"}],"replies":[{"embeddable":true,"href":"https:\/\/stor51.tauroessiccatori.com\/cs\/wp-json\/wp\/v2\/comments?post=165153"}],"version-history":[{"count":1,"href":"https:\/\/stor51.tauroessiccatori.com\/cs\/wp-json\/wp\/v2\/posts\/165153\/revisions"}],"predecessor-version":[{"id":165154,"href":"https:\/\/stor51.tauroessiccatori.com\/cs\/wp-json\/wp\/v2\/posts\/165153\/revisions\/165154"}],"wp:featuredmedia":[{"embeddable":true,"href":"https:\/\/stor51.tauroessiccatori.com\/cs\/wp-json\/wp\/v2\/media\/165155"}],"wp:attachment":[{"href":"https:\/\/stor51.tauroessiccatori.com\/cs\/wp-json\/wp\/v2\/media?parent=165153"}],"wp:term":[{"taxonomy":"category","embeddable":true,"href":"https:\/\/stor51.tauroessiccatori.com\/cs\/wp-json\/wp\/v2\/categories?post=165153"},{"taxonomy":"post_tag","embeddable":true,"href":"https:\/\/stor51.tauroessiccatori.com\/cs\/wp-json\/wp\/v2\/tags?post=165153"}],"curies":[{"name":"wp","href":"https:\/\/api.w.org\/{rel}","templated":true}]}}